{"id":5948,"date":"2025-01-30T06:52:54","date_gmt":"2025-01-30T06:52:54","guid":{"rendered":"https:\/\/gabrielsoman.com\/app\/2025\/01\/30\/foco-nas-comunidades-a-base-da-inovacao-em-saude\/"},"modified":"2025-01-30T06:52:54","modified_gmt":"2025-01-30T06:52:54","slug":"foco-nas-comunidades-a-base-da-inovacao-em-saude","status":"publish","type":"post","link":"https:\/\/gabrielsoman.com\/app\/2025\/01\/30\/foco-nas-comunidades-a-base-da-inovacao-em-saude\/","title":{"rendered":"Foco nas Comunidades: A Base da Inova\u00e7\u00e3o em Sa\u00fade"},"content":{"rendered":"<p>A inova\u00e7\u00e3o na sa\u00fade n\u00e3o deve se concentrar apenas em tecnologias sofisticadas ou novos tratamentos, mas deve tamb\u00e9m abordar as necessidades fundamentais das comunidades. Muitas inova\u00e7\u00f5es falham em alcan\u00e7ar seu potencial pleno porque n\u00e3o consideram o contexto social e cultural onde s\u00e3o aplicadas.<\/p>\n<p>\u00c9 crucial que as inova\u00e7\u00f5es sejam desenvolvidas com a participa\u00e7\u00e3o ativa das comunidades que ser\u00e3o diretamente impactadas. O entendimento das realidades locais \u00e9 vital, pois cada comunidade possui suas caracter\u00edsticas \u00fanicas que influenciam a maneira como a sa\u00fade \u00e9 percebida e como servi\u00e7os de sa\u00fade podem ser efetivos.<\/p>\n<p>Al\u00e9m disso, os dados mostram que as condi\u00e7\u00f5es sociais e econ\u00f4micas t\u00eam um impacto significativo na sa\u00fade das popula\u00e7\u00f5es. Fatores como acesso \u00e0 educa\u00e7\u00e3o, moradia, seguran\u00e7a alimentar e redes de apoio s\u00e3o essenciais. Portanto, as inova\u00e7\u00f5es em sa\u00fade devem ser integradas a estrat\u00e9gias mais amplas que abordem essas quest\u00f5es sociais.<\/p>\n<p>As comunidades devem ser vistas como parceiras no processo de inova\u00e7\u00e3o. Elas n\u00e3o s\u00e3o apenas receptoras de novas tecnologias ou tratamentos, mas t\u00eam conhecimento profundo das suas necessidades e desafios. Programas de sa\u00fade bem-sucedidos frequentemente incluem a capacita\u00e7\u00e3o de agentes locais, que atuam como intermedi\u00e1rios entre as necessidades da popula\u00e7\u00e3o e as solu\u00e7\u00f5es inovadoras.<\/p>\n<p>Portanto, para que a inova\u00e7\u00e3o em sa\u00fade seja realmente eficaz, deve haver uma mudan\u00e7a de paradigma que priorize a escuta ativa das comunidades. Isso n\u00e3o apenas aumentar\u00e1 a aceita\u00e7\u00e3o das inova\u00e7\u00f5es, mas tamb\u00e9m garantir\u00e1 que elas sejam realmente relevantes e impactantes. Em \u00faltima an\u00e1lise, atender \u00e0s necessidades b\u00e1sicas das popula\u00e7\u00f5es \u00e9 essencial para construir um sistema de sa\u00fade mais justo e eficaz.<\/p>\n","protected":false},"excerpt":{"rendered":"<p>A inova\u00e7\u00e3o na sa\u00fade n\u00e3o deve se concentrar apenas em tecnologias sofisticadas ou novos tratamentos, mas deve tamb\u00e9m abordar as necessidades fundamentais das comunidades. Muitas inova\u00e7\u00f5es falham em alcan\u00e7ar seu potencial pleno porque n\u00e3o consideram o contexto social e cultural onde s\u00e3o aplicadas. \u00c9 crucial que as inova\u00e7\u00f5es sejam desenvolvidas com a participa\u00e7\u00e3o ativa das [&hellip;]<\/p>\n","protected":false},"author":2,"featured_media":0,"comment_status":"open","ping_status":"open","sticky":false,"template":"","format":"standard","meta":{"nf_dc_page":"","pagelayer_contact_templates":[],"_pagelayer_content":"","footnotes":""},"categories":[1],"tags":[],"class_list":["post-5948","post","type-post","status-publish","format-standard","hentry","category-uncategorized"],"_links":{"self":[{"href":"https:\/\/gabrielsoman.com\/app\/wp-json\/wp\/v2\/posts\/5948","targetHints":{"allow":["GET"]}}],"collection":[{"href":"https:\/\/gabrielsoman.com\/app\/wp-json\/wp\/v2\/posts"}],"about":[{"href":"https:\/\/gabrielsoman.com\/app\/wp-json\/wp\/v2\/types\/post"}],"author":[{"embeddable":true,"href":"https:\/\/gabrielsoman.com\/app\/wp-json\/wp\/v2\/users\/2"}],"replies":[{"embeddable":true,"href":"https:\/\/gabrielsoman.com\/app\/wp-json\/wp\/v2\/comments?post=5948"}],"version-history":[{"count":0,"href":"https:\/\/gabrielsoman.com\/app\/wp-json\/wp\/v2\/posts\/5948\/revisions"}],"wp:attachment":[{"href":"https:\/\/gabrielsoman.com\/app\/wp-json\/wp\/v2\/media?parent=5948"}],"wp:term":[{"taxonomy":"category","embeddable":true,"href":"https:\/\/gabrielsoman.com\/app\/wp-json\/wp\/v2\/categories?post=5948"},{"taxonomy":"post_tag","embeddable":true,"href":"https:\/\/gabrielsoman.com\/app\/wp-json\/wp\/v2\/tags?post=5948"}],"curies":[{"name":"wp","href":"https:\/\/api.w.org\/{rel}","templated":true}]}}