{"id":5949,"date":"2025-01-30T06:52:55","date_gmt":"2025-01-30T06:52:55","guid":{"rendered":"https:\/\/gabrielsoman.com\/app\/2025\/01\/30\/a-importancia-da-participacao-social-na-cop30\/"},"modified":"2025-01-30T06:52:55","modified_gmt":"2025-01-30T06:52:55","slug":"a-importancia-da-participacao-social-na-cop30","status":"publish","type":"post","link":"https:\/\/gabrielsoman.com\/app\/2025\/01\/30\/a-importancia-da-participacao-social-na-cop30\/","title":{"rendered":"A Import\u00e2ncia da Participa\u00e7\u00e3o Social na COP30"},"content":{"rendered":"<p>O evento COP30, a Confer\u00eancia das Partes sobre Mudan\u00e7as Clim\u00e1ticas, se aproxima como uma oportunidade crucial para abordar as quest\u00f5es ambientais que afetam nosso planeta. Para que essa confer\u00eancia seja verdadeiramente eficaz, \u00e9 essencial que a participa\u00e7\u00e3o social seja priorizada e se torne a voz predominante nas discuss\u00f5es. <\/p>\n<p>A diversidade de opini\u00f5es de diferentes segmentos da sociedade, incluindo povos ind\u00edgenas, comunidades marginalizadas, cientistas, jovens e ativistas ambientais, deve ser ouvida e considerada na formula\u00e7\u00e3o de pol\u00edticas e a\u00e7\u00f5es clim\u00e1ticas. Essas vozes trazem experi\u00eancias e conhecimentos \u00fanicos que podem enriquecer a discuss\u00e3o e levar a solu\u00e7\u00f5es mais equitativas e sustent\u00e1veis. <\/p>\n<p>Al\u00e9m disso, a participa\u00e7\u00e3o social \u00e9 fundamental para a constru\u00e7\u00e3o de um senso de pertencimento e responsabilidade compartilhada. Quando as comunidades se sentem inclu\u00eddas nas decis\u00f5es que impactam suas vidas e o meio ambiente, elas se tornam mais propensas a se engajar ativamente na implementa\u00e7\u00e3o de pol\u00edticas e pr\u00e1ticas que promovam a sustentabilidade. Isso n\u00e3o apenas fortalece a democracia, mas tamb\u00e9m garante que as a\u00e7\u00f5es clim\u00e1ticas sejam eficazes e relevantes para as realidades locais. <\/p>\n<p>Para isso, \u00e9 crucial que os l\u00edderes e organizadores da COP30 proporcionem mecanismos adequados para a inclus\u00e3o e o di\u00e1logo. Isso inclui garantir que os espa\u00e7os de discuss\u00e3o sejam acess\u00edveis e que haja recursos dispon\u00edveis para permitir a participa\u00e7\u00e3o de grupos diversos. <\/p>\n<p>Em suma, a COP30 deve ser uma plataforma para a troca genu\u00edna de ideias e experi\u00eancias, onde cada voz \u00e9 valorizada. A verdadeira mudan\u00e7a clim\u00e1tica s\u00f3 poder\u00e1 ser alcan\u00e7ada se todos participarem da conversa e contribu\u00edrem para um futuro mais sustent\u00e1vel e justo.<\/p>\n","protected":false},"excerpt":{"rendered":"<p>O evento COP30, a Confer\u00eancia das Partes sobre Mudan\u00e7as Clim\u00e1ticas, se aproxima como uma oportunidade crucial para abordar as quest\u00f5es ambientais que afetam nosso planeta. Para que essa confer\u00eancia seja verdadeiramente eficaz, \u00e9 essencial que a participa\u00e7\u00e3o social seja priorizada e se torne a voz predominante nas discuss\u00f5es. A diversidade de opini\u00f5es de diferentes segmentos [&hellip;]<\/p>\n","protected":false},"author":2,"featured_media":0,"comment_status":"open","ping_status":"open","sticky":false,"template":"","format":"standard","meta":{"nf_dc_page":"","pagelayer_contact_templates":[],"_pagelayer_content":"","footnotes":""},"categories":[1],"tags":[],"class_list":["post-5949","post","type-post","status-publish","format-standard","hentry","category-uncategorized"],"_links":{"self":[{"href":"https:\/\/gabrielsoman.com\/app\/wp-json\/wp\/v2\/posts\/5949","targetHints":{"allow":["GET"]}}],"collection":[{"href":"https:\/\/gabrielsoman.com\/app\/wp-json\/wp\/v2\/posts"}],"about":[{"href":"https:\/\/gabrielsoman.com\/app\/wp-json\/wp\/v2\/types\/post"}],"author":[{"embeddable":true,"href":"https:\/\/gabrielsoman.com\/app\/wp-json\/wp\/v2\/users\/2"}],"replies":[{"embeddable":true,"href":"https:\/\/gabrielsoman.com\/app\/wp-json\/wp\/v2\/comments?post=5949"}],"version-history":[{"count":0,"href":"https:\/\/gabrielsoman.com\/app\/wp-json\/wp\/v2\/posts\/5949\/revisions"}],"wp:attachment":[{"href":"https:\/\/gabrielsoman.com\/app\/wp-json\/wp\/v2\/media?parent=5949"}],"wp:term":[{"taxonomy":"category","embeddable":true,"href":"https:\/\/gabrielsoman.com\/app\/wp-json\/wp\/v2\/categories?post=5949"},{"taxonomy":"post_tag","embeddable":true,"href":"https:\/\/gabrielsoman.com\/app\/wp-json\/wp\/v2\/tags?post=5949"}],"curies":[{"name":"wp","href":"https:\/\/api.w.org\/{rel}","templated":true}]}}