{"id":6019,"date":"2025-01-30T17:32:49","date_gmt":"2025-01-30T17:32:49","guid":{"rendered":"https:\/\/gabrielsoman.com\/app\/2025\/01\/30\/suspensao-do-escaneamento-de-iris-no-brasil-entenda-os-motivos\/"},"modified":"2025-01-30T17:32:49","modified_gmt":"2025-01-30T17:32:49","slug":"suspensao-do-escaneamento-de-iris-no-brasil-entenda-os-motivos","status":"publish","type":"post","link":"https:\/\/gabrielsoman.com\/app\/2025\/01\/30\/suspensao-do-escaneamento-de-iris-no-brasil-entenda-os-motivos\/","title":{"rendered":"Suspens\u00e3o do Escaneamento de \u00cdris no Brasil: Entenda os Motivos"},"content":{"rendered":"<p>Recentemente, uma decis\u00e3o do governo brasileiro suspendeu a utiliza\u00e7\u00e3o de tecnologia de escaneamento de \u00edris em processos de identifica\u00e7\u00e3o. Esta medida gerou uma onda de discuss\u00f5es sobre a seguran\u00e7a e a privacidade dos dados dos cidad\u00e3os. O escaneamento de \u00edris, que utiliza a biometria para reconhecer indiv\u00edduos com base em caracter\u00edsticas \u00fanicas de suas \u00edris, foi inicialmente implementado como um avan\u00e7o para aumentar a seguran\u00e7a em diversos servi\u00e7os, incluindo sistemas banc\u00e1rios e de identifica\u00e7\u00e3o civil.<\/p>\n<p>No entanto, a efic\u00e1cia e as implica\u00e7\u00f5es \u00e9ticas dessa tecnologia foram colocadas em xeque. Cr\u00edticos apontam que a coleta de dados biom\u00e9tricos pode apresentar riscos significativos \u00e0 privacidade, especialmente em um contexto onde o vazamento de informa\u00e7\u00f5es pessoais \u00e9 uma preocupa\u00e7\u00e3o crescente. Al\u00e9m disso, questionamentos sobre a real necessidade da biometria e sua substitui\u00e7\u00e3o por m\u00e9todos menos invasivos surgiram ap\u00f3s a suspens\u00e3o.<\/p>\n<p>Embora a biometria seja vista como uma solu\u00e7\u00e3o moderna para aumentar a seguran\u00e7a, especialistas alertam para o fato de que n\u00e3o h\u00e1 um consenso sobre sua implementa\u00e7\u00e3o. A suspens\u00e3o coloca em evid\u00eancia a import\u00e2ncia de uma discuss\u00e3o mais profunda sobre a legisla\u00e7\u00e3o relacionada ao uso de dados biom\u00e9tricos e a prote\u00e7\u00e3o da privacidade dos cidad\u00e3os. Enquanto outras tecnologias de identifica\u00e7\u00e3o, como reconhecimento facial, continuam a ser debatidas, a reda\u00e7\u00e3o de um marco regulat\u00f3rio que assegure direitos e minimize riscos \u00e9 cada vez mais urgente.<\/p>\n<p>O governo brasileiro afirmou que novos estudos e consultas p\u00fablicas ser\u00e3o realizados para reavaliar a situa\u00e7\u00e3o. A decis\u00e3o evidencia a necessidade de um equil\u00edbrio entre seguran\u00e7a e direitos civis, algo fundamental em um ambiente democr\u00e1tico.<\/p>\n","protected":false},"excerpt":{"rendered":"<p>Recentemente, uma decis\u00e3o do governo brasileiro suspendeu a utiliza\u00e7\u00e3o de tecnologia de escaneamento de \u00edris em processos de identifica\u00e7\u00e3o. Esta medida gerou uma onda de discuss\u00f5es sobre a seguran\u00e7a e a privacidade dos dados dos cidad\u00e3os. O escaneamento de \u00edris, que utiliza a biometria para reconhecer indiv\u00edduos com base em caracter\u00edsticas \u00fanicas de suas \u00edris, [&hellip;]<\/p>\n","protected":false},"author":2,"featured_media":0,"comment_status":"open","ping_status":"open","sticky":false,"template":"","format":"standard","meta":{"nf_dc_page":"","pagelayer_contact_templates":[],"_pagelayer_content":"","footnotes":""},"categories":[1],"tags":[],"class_list":["post-6019","post","type-post","status-publish","format-standard","hentry","category-uncategorized"],"_links":{"self":[{"href":"https:\/\/gabrielsoman.com\/app\/wp-json\/wp\/v2\/posts\/6019","targetHints":{"allow":["GET"]}}],"collection":[{"href":"https:\/\/gabrielsoman.com\/app\/wp-json\/wp\/v2\/posts"}],"about":[{"href":"https:\/\/gabrielsoman.com\/app\/wp-json\/wp\/v2\/types\/post"}],"author":[{"embeddable":true,"href":"https:\/\/gabrielsoman.com\/app\/wp-json\/wp\/v2\/users\/2"}],"replies":[{"embeddable":true,"href":"https:\/\/gabrielsoman.com\/app\/wp-json\/wp\/v2\/comments?post=6019"}],"version-history":[{"count":0,"href":"https:\/\/gabrielsoman.com\/app\/wp-json\/wp\/v2\/posts\/6019\/revisions"}],"wp:attachment":[{"href":"https:\/\/gabrielsoman.com\/app\/wp-json\/wp\/v2\/media?parent=6019"}],"wp:term":[{"taxonomy":"category","embeddable":true,"href":"https:\/\/gabrielsoman.com\/app\/wp-json\/wp\/v2\/categories?post=6019"},{"taxonomy":"post_tag","embeddable":true,"href":"https:\/\/gabrielsoman.com\/app\/wp-json\/wp\/v2\/tags?post=6019"}],"curies":[{"name":"wp","href":"https:\/\/api.w.org\/{rel}","templated":true}]}}