{"id":6025,"date":"2025-01-30T17:33:07","date_gmt":"2025-01-30T17:33:07","guid":{"rendered":"https:\/\/gabrielsoman.com\/app\/2025\/01\/30\/inovacoes-em-saude-o-foco-nas-comunidades\/"},"modified":"2025-01-30T17:33:07","modified_gmt":"2025-01-30T17:33:07","slug":"inovacoes-em-saude-o-foco-nas-comunidades","status":"publish","type":"post","link":"https:\/\/gabrielsoman.com\/app\/2025\/01\/30\/inovacoes-em-saude-o-foco-nas-comunidades\/","title":{"rendered":"Inova\u00e7\u00f5es em Sa\u00fade: O Foco nas Comunidades"},"content":{"rendered":"<p>No campo da sa\u00fade, a inova\u00e7\u00e3o frequentemente \u00e9 vista como sin\u00f4nimo de tecnologia avan\u00e7ada e solu\u00e7\u00f5es de ponta, mas \u00e9 vital que tamb\u00e9m se volte para as necessidades fundamentais das comunidades. Muitas vezes, ao buscar avan\u00e7os sofisticados, a ess\u00eancia do que realmente importa\u2014o bem-estar da popula\u00e7\u00e3o local\u2014pode ser negligenciada. <\/p>\n<p>Para que a inova\u00e7\u00e3o na sa\u00fade seja efetiva, \u00e9 necess\u00e1rio um entendimento profundo do contexto social e das din\u00e2micas que afetam as comunidades. Isso implica considerar fatores como acesso \u00e0 sa\u00fade, educa\u00e7\u00e3o em sa\u00fade, e a colabora\u00e7\u00e3o com l\u00edderes comunit\u00e1rios e organiza\u00e7\u00f5es locais. A participa\u00e7\u00e3o da comunidade n\u00e3o s\u00f3 potencializa a efic\u00e1cia das solu\u00e7\u00f5es propostas, mas tamb\u00e9m garante que estas sejam adaptadas \u00e0s realidades espec\u00edficas e \u00e0s necessidades dos grupos atendidos.<\/p>\n<p>Al\u00e9m disso, a coleta de dados \u00e9 fundamental para compreender os desafios enfrentados pelas popula\u00e7\u00f5es. Por meio de uma abordagem centrada na comunidade, \u00e9 poss\u00edvel identificar lacunas nos servi\u00e7os de sa\u00fade e formular estrat\u00e9gias que realmente impactem a vida das pessoas. O uso de tecnologias pode ser uma ferramenta valiosa, mas deve ser complementado por uma base s\u00f3lida de envolvimento comunit\u00e1rio.<\/p>\n<p>O compromisso com a equidade e a inclus\u00e3o tamb\u00e9m deve estar no centro das inova\u00e7\u00f5es. Ao capacitarem-se as comunidades para serem participantes ativas no processo de inova\u00e7\u00e3o, promovem-se solu\u00e7\u00f5es mais eficazes e sustent\u00e1veis. Em suma, ao priorizar o b\u00e1sico e valorizar as vozes das comunidades, podemos transformar a \u00e1rea da sa\u00fade em um setor que realmente serve a todos.<\/p>\n","protected":false},"excerpt":{"rendered":"<p>No campo da sa\u00fade, a inova\u00e7\u00e3o frequentemente \u00e9 vista como sin\u00f4nimo de tecnologia avan\u00e7ada e solu\u00e7\u00f5es de ponta, mas \u00e9 vital que tamb\u00e9m se volte para as necessidades fundamentais das comunidades. Muitas vezes, ao buscar avan\u00e7os sofisticados, a ess\u00eancia do que realmente importa\u2014o bem-estar da popula\u00e7\u00e3o local\u2014pode ser negligenciada. Para que a inova\u00e7\u00e3o na sa\u00fade [&hellip;]<\/p>\n","protected":false},"author":2,"featured_media":0,"comment_status":"open","ping_status":"open","sticky":false,"template":"","format":"standard","meta":{"nf_dc_page":"","pagelayer_contact_templates":[],"_pagelayer_content":"","footnotes":""},"categories":[1],"tags":[],"class_list":["post-6025","post","type-post","status-publish","format-standard","hentry","category-uncategorized"],"_links":{"self":[{"href":"https:\/\/gabrielsoman.com\/app\/wp-json\/wp\/v2\/posts\/6025","targetHints":{"allow":["GET"]}}],"collection":[{"href":"https:\/\/gabrielsoman.com\/app\/wp-json\/wp\/v2\/posts"}],"about":[{"href":"https:\/\/gabrielsoman.com\/app\/wp-json\/wp\/v2\/types\/post"}],"author":[{"embeddable":true,"href":"https:\/\/gabrielsoman.com\/app\/wp-json\/wp\/v2\/users\/2"}],"replies":[{"embeddable":true,"href":"https:\/\/gabrielsoman.com\/app\/wp-json\/wp\/v2\/comments?post=6025"}],"version-history":[{"count":0,"href":"https:\/\/gabrielsoman.com\/app\/wp-json\/wp\/v2\/posts\/6025\/revisions"}],"wp:attachment":[{"href":"https:\/\/gabrielsoman.com\/app\/wp-json\/wp\/v2\/media?parent=6025"}],"wp:term":[{"taxonomy":"category","embeddable":true,"href":"https:\/\/gabrielsoman.com\/app\/wp-json\/wp\/v2\/categories?post=6025"},{"taxonomy":"post_tag","embeddable":true,"href":"https:\/\/gabrielsoman.com\/app\/wp-json\/wp\/v2\/tags?post=6025"}],"curies":[{"name":"wp","href":"https:\/\/api.w.org\/{rel}","templated":true}]}}