{"id":6098,"date":"2025-02-01T02:59:58","date_gmt":"2025-02-01T02:59:58","guid":{"rendered":"https:\/\/gabrielsoman.com\/app\/2025\/02\/01\/sydnei-carvalho-realiza-show-de-lancamento-do-novo-dvd-em-sao-paulo\/"},"modified":"2025-02-01T02:59:58","modified_gmt":"2025-02-01T02:59:58","slug":"sydnei-carvalho-realiza-show-de-lancamento-do-novo-dvd-em-sao-paulo","status":"publish","type":"post","link":"https:\/\/gabrielsoman.com\/app\/2025\/02\/01\/sydnei-carvalho-realiza-show-de-lancamento-do-novo-dvd-em-sao-paulo\/","title":{"rendered":"Sydnei Carvalho Realiza Show de Lan\u00e7amento do Novo DVD em S\u00e3o Paulo"},"content":{"rendered":"<p>Nesta sexta-feira, dia 31, o renomado m\u00fasico Sydnei Carvalho apresenta o t\u00e3o esperado show de lan\u00e7amento de seu novo DVD em S\u00e3o Paulo. O evento acontecer\u00e1 em uma das casas de shows mais ic\u00f4nicas da capital paulista, prometendo atrair uma multid\u00e3o de f\u00e3s e entusiastas da m\u00fasica.<\/p>\n<p>O DVD, que possui o t\u00edtulo de &#8220;Sonhos em Notas&#8221;, \u00e9 uma colet\u00e2nea de can\u00e7\u00f5es que refletem a jornada musical de Sydnei, que se destacou no cen\u00e1rio da m\u00fasica brasileira. Com seu estilo \u00fanico, que mescla elementos de MPB, rock e m\u00fasica popular, o artista j\u00e1 conquistou um espa\u00e7o significativo no cora\u00e7\u00e3o do p\u00fablico.<\/p>\n<p>No repert\u00f3rio do show, Sydnei Carvalho ir\u00e1 incluir n\u00e3o apenas as faixas do seu novo trabalho, mas tamb\u00e9m alguns de seus maiores sucessos. Garan\u00e7\u00f5es de uma performance empolgante, o m\u00fasico contar\u00e1 com a presen\u00e7a de convidados especiais que ir\u00e3o abrilhantar ainda mais a apresenta\u00e7\u00e3o. Entre as participa\u00e7\u00f5es confirmadas, artistas renomados da cena musical brasileira estar\u00e3o ao seu lado, fazendo do show uma noite memor\u00e1vel.<\/p>\n<p>Os ingressos para o evento j\u00e1 est\u00e3o \u00e0 venda e a expectativa \u00e9 de que a casa esteja lotada. Os f\u00e3s s\u00e3o aconselhados a garantir seus lugares com anteced\u00eancia para n\u00e3o perderem a oportunidade de vivenciar essa experi\u00eancia \u00fanica. Para aqueles que n\u00e3o poder\u00e3o comparecer, o DVD estar\u00e1 dispon\u00edvel em diversas plataformas digitais, permitindo que todos possam apreciar o trabalho de Sydnei Carvalho a qualquer momento.<\/p>\n<p>Sydnei Carvalho tem se mostrado um artista vers\u00e1til, sempre inovando e buscando novas formas de se conectar com sua audi\u00eancia. O lan\u00e7amento deste DVD \u00e9 mais um passo em sua trajet\u00f3ria, que certamente trar\u00e1 novas hist\u00f3rias e melodias que tocar\u00e3o o cora\u00e7\u00e3o de muitos.<\/p>\n","protected":false},"excerpt":{"rendered":"<p>Nesta sexta-feira, dia 31, o renomado m\u00fasico Sydnei Carvalho apresenta o t\u00e3o esperado show de lan\u00e7amento de seu novo DVD em S\u00e3o Paulo. O evento acontecer\u00e1 em uma das casas de shows mais ic\u00f4nicas da capital paulista, prometendo atrair uma multid\u00e3o de f\u00e3s e entusiastas da m\u00fasica. O DVD, que possui o t\u00edtulo de &#8220;Sonhos [&hellip;]<\/p>\n","protected":false},"author":2,"featured_media":0,"comment_status":"open","ping_status":"open","sticky":false,"template":"","format":"standard","meta":{"nf_dc_page":"","pagelayer_contact_templates":[],"_pagelayer_content":"","footnotes":""},"categories":[1],"tags":[],"class_list":["post-6098","post","type-post","status-publish","format-standard","hentry","category-uncategorized"],"_links":{"self":[{"href":"https:\/\/gabrielsoman.com\/app\/wp-json\/wp\/v2\/posts\/6098","targetHints":{"allow":["GET"]}}],"collection":[{"href":"https:\/\/gabrielsoman.com\/app\/wp-json\/wp\/v2\/posts"}],"about":[{"href":"https:\/\/gabrielsoman.com\/app\/wp-json\/wp\/v2\/types\/post"}],"author":[{"embeddable":true,"href":"https:\/\/gabrielsoman.com\/app\/wp-json\/wp\/v2\/users\/2"}],"replies":[{"embeddable":true,"href":"https:\/\/gabrielsoman.com\/app\/wp-json\/wp\/v2\/comments?post=6098"}],"version-history":[{"count":0,"href":"https:\/\/gabrielsoman.com\/app\/wp-json\/wp\/v2\/posts\/6098\/revisions"}],"wp:attachment":[{"href":"https:\/\/gabrielsoman.com\/app\/wp-json\/wp\/v2\/media?parent=6098"}],"wp:term":[{"taxonomy":"category","embeddable":true,"href":"https:\/\/gabrielsoman.com\/app\/wp-json\/wp\/v2\/categories?post=6098"},{"taxonomy":"post_tag","embeddable":true,"href":"https:\/\/gabrielsoman.com\/app\/wp-json\/wp\/v2\/tags?post=6098"}],"curies":[{"name":"wp","href":"https:\/\/api.w.org\/{rel}","templated":true}]}}