{"id":6115,"date":"2025-02-01T03:31:21","date_gmt":"2025-02-01T03:31:21","guid":{"rendered":"https:\/\/gabrielsoman.com\/app\/2025\/02\/01\/suspensao-do-escaneamento-de-iris-no-brasil-o-que-mudou\/"},"modified":"2025-02-01T03:31:21","modified_gmt":"2025-02-01T03:31:21","slug":"suspensao-do-escaneamento-de-iris-no-brasil-o-que-mudou","status":"publish","type":"post","link":"https:\/\/gabrielsoman.com\/app\/2025\/02\/01\/suspensao-do-escaneamento-de-iris-no-brasil-o-que-mudou\/","title":{"rendered":"Suspens\u00e3o do Escaneamento de \u00cdris no Brasil: O que Mudou?"},"content":{"rendered":"<p>O escaneamento de \u00edris, uma tecnologia que prometia revolucionar a seguran\u00e7a e a identifica\u00e7\u00e3o no Brasil, teve sua implementa\u00e7\u00e3o suspensa. A decis\u00e3o foi impulsionada por preocupa\u00e7\u00f5es relacionadas \u00e0 privacidade e \u00e0 seguran\u00e7a dos dados pessoais dos cidad\u00e3os. Essa tecnologia, que envolve o reconhecimento da \u00edris como uma forma \u00fanica de identifica\u00e7\u00e3o biom\u00e9trica, est\u00e1 em debate, especialmente no que diz respeito a sua aplica\u00e7\u00e3o em diferentes contextos, como a identifica\u00e7\u00e3o em servi\u00e7os p\u00fablicos e privados.<\/p>\n<p>As vozes contr\u00e1rias \u00e0 utiliza\u00e7\u00e3o do escaneamento de \u00edris destacam o potencial para abusos e vigil\u00e2ncia excessiva. Al\u00e9m disso, surgiram questionamentos sobre a efic\u00e1cia da tecnologia em compara\u00e7\u00e3o a outros m\u00e9todos de identifica\u00e7\u00e3o. Diferentes especialistas em seguran\u00e7a e privacidade expressaram preocupa\u00e7\u00f5es sobre a possibilidade de que os dados coletados possam ser utilizados de forma inadequada, gerando uma onda de ceticismo em torno de sua implementa\u00e7\u00e3o.<\/p>\n<p>Por outro lado, defensores da tecnologia argumentam que o reconhecimento da \u00edris \u00e9 uma das formas mais seguras de autentica\u00e7\u00e3o, pois a \u00edris \u00e9 \u00fanica para cada indiv\u00edduo, tornando quase imposs\u00edvel a falsifica\u00e7\u00e3o. Eles afirmam que se tivesse havido uma regulamenta\u00e7\u00e3o mais clara, os benef\u00edcios do escaneamento de \u00edris poderiam ser aproveitados sem comprometer a seguran\u00e7a dos dados.<\/p>\n<p>A suspens\u00e3o do escaneamento de \u00edris levanta quest\u00f5es importantes sobre o futuro das tecnologias biom\u00e9tricas no Brasil, refletindo um cen\u00e1rio onde a inova\u00e7\u00e3o deve ser equilibrada com a prote\u00e7\u00e3o dos direitos dos indiv\u00edduos. \u00c0 medida que o debate continua, ser\u00e1 crucial encontrar um caminho que garanta tanto a seguran\u00e7a quanto a privacidade dos cidad\u00e3os em um mundo cada vez mais digital.<\/p>\n","protected":false},"excerpt":{"rendered":"<p>O escaneamento de \u00edris, uma tecnologia que prometia revolucionar a seguran\u00e7a e a identifica\u00e7\u00e3o no Brasil, teve sua implementa\u00e7\u00e3o suspensa. A decis\u00e3o foi impulsionada por preocupa\u00e7\u00f5es relacionadas \u00e0 privacidade e \u00e0 seguran\u00e7a dos dados pessoais dos cidad\u00e3os. Essa tecnologia, que envolve o reconhecimento da \u00edris como uma forma \u00fanica de identifica\u00e7\u00e3o biom\u00e9trica, est\u00e1 em debate, [&hellip;]<\/p>\n","protected":false},"author":2,"featured_media":0,"comment_status":"open","ping_status":"open","sticky":false,"template":"","format":"standard","meta":{"nf_dc_page":"","pagelayer_contact_templates":[],"_pagelayer_content":"","footnotes":""},"categories":[1],"tags":[],"class_list":["post-6115","post","type-post","status-publish","format-standard","hentry","category-uncategorized"],"_links":{"self":[{"href":"https:\/\/gabrielsoman.com\/app\/wp-json\/wp\/v2\/posts\/6115","targetHints":{"allow":["GET"]}}],"collection":[{"href":"https:\/\/gabrielsoman.com\/app\/wp-json\/wp\/v2\/posts"}],"about":[{"href":"https:\/\/gabrielsoman.com\/app\/wp-json\/wp\/v2\/types\/post"}],"author":[{"embeddable":true,"href":"https:\/\/gabrielsoman.com\/app\/wp-json\/wp\/v2\/users\/2"}],"replies":[{"embeddable":true,"href":"https:\/\/gabrielsoman.com\/app\/wp-json\/wp\/v2\/comments?post=6115"}],"version-history":[{"count":0,"href":"https:\/\/gabrielsoman.com\/app\/wp-json\/wp\/v2\/posts\/6115\/revisions"}],"wp:attachment":[{"href":"https:\/\/gabrielsoman.com\/app\/wp-json\/wp\/v2\/media?parent=6115"}],"wp:term":[{"taxonomy":"category","embeddable":true,"href":"https:\/\/gabrielsoman.com\/app\/wp-json\/wp\/v2\/categories?post=6115"},{"taxonomy":"post_tag","embeddable":true,"href":"https:\/\/gabrielsoman.com\/app\/wp-json\/wp\/v2\/tags?post=6115"}],"curies":[{"name":"wp","href":"https:\/\/api.w.org\/{rel}","templated":true}]}}