{"id":6118,"date":"2025-02-01T03:32:43","date_gmt":"2025-02-01T03:32:43","guid":{"rendered":"https:\/\/gabrielsoman.com\/app\/2025\/02\/01\/suspensao-do-escaneamento-de-iris-no-brasil-entenda-os-motivos-2\/"},"modified":"2025-02-01T03:32:43","modified_gmt":"2025-02-01T03:32:43","slug":"suspensao-do-escaneamento-de-iris-no-brasil-entenda-os-motivos-2","status":"publish","type":"post","link":"https:\/\/gabrielsoman.com\/app\/2025\/02\/01\/suspensao-do-escaneamento-de-iris-no-brasil-entenda-os-motivos-2\/","title":{"rendered":"Suspens\u00e3o do Escaneamento de \u00cdris no Brasil: Entenda os Motivos"},"content":{"rendered":"<p>O escaneamento de \u00edris, uma tecnologia que prometia revolucionar a identifica\u00e7\u00e3o biom\u00e9trica no Brasil, foi suspenso. Essa decis\u00e3o pegou muitos de surpresa, especialmente em um contexto em que a seguran\u00e7a e a inova\u00e7\u00e3o tecnol\u00f3gica s\u00e3o temas centrais nas discuss\u00f5es sobre o futuro do pa\u00eds. A iniciativa, que visava utilizar caracter\u00edsticas \u00fanicas dos olhos humanos para autenticar indiv\u00edduos, gerou expectativas de melhorias em diversas \u00e1reas, incluindo seguran\u00e7a p\u00fablica e servi\u00e7os financeiros. No entanto, sua implementa\u00e7\u00e3o r\u00e1pida levantou preocupa\u00e7\u00f5es significativas sobre privacidade e consentimento.<\/p>\n<p>Um dos principais motivos para a suspens\u00e3o foi a falta de regulamenta\u00e7\u00e3o clara sobre o uso de dados biom\u00e9tricos. A legisla\u00e7\u00e3o brasileira, embora tenha avan\u00e7ado com a Lei Geral de Prote\u00e7\u00e3o de Dados (LGPD), ainda carece de diretrizes espec\u00edficas para tecnologias emergentes, como o escaneamento de \u00edris. Especialistas ressaltaram que a coleta e o armazenamento dessas informa\u00e7\u00f5es sens\u00edveis poderiam levar a abusos e \u00e0 viola\u00e7\u00e3o da privacidade individual.<\/p>\n<p>Al\u00e9m das quest\u00f5es legais, houve tamb\u00e9m uma resist\u00eancia social ao sistema. Grande parte da popula\u00e7\u00e3o expressou receios sobre a ideia de ser monitorada constantemente, gerando um debate sobre os limites da vigil\u00e2ncia estatal e os direitos dos cidad\u00e3os. Os impactos da tecnologia no cotidiano das pessoas n\u00e3o podem ser ignorados, e um di\u00e1logo aberto sobre esses t\u00f3picos \u00e9 essencial.<\/p>\n<p>Assim, enquanto o Brasil busca equilibrar inova\u00e7\u00e3o e respeito \u00e0 privacidade, a suspens\u00e3o do escaneamento de \u00edris serve como um alerta sobre os desafios que o avan\u00e7o tecnol\u00f3gico representa para a sociedade. \u00c9 fundamental que pol\u00edticas sejam desenvolvidas para garantir que a seguran\u00e7a n\u00e3o ocorra \u00e0 custa da liberdade.<\/p>\n","protected":false},"excerpt":{"rendered":"<p>O escaneamento de \u00edris, uma tecnologia que prometia revolucionar a identifica\u00e7\u00e3o biom\u00e9trica no Brasil, foi suspenso. Essa decis\u00e3o pegou muitos de surpresa, especialmente em um contexto em que a seguran\u00e7a e a inova\u00e7\u00e3o tecnol\u00f3gica s\u00e3o temas centrais nas discuss\u00f5es sobre o futuro do pa\u00eds. A iniciativa, que visava utilizar caracter\u00edsticas \u00fanicas dos olhos humanos para [&hellip;]<\/p>\n","protected":false},"author":2,"featured_media":0,"comment_status":"open","ping_status":"open","sticky":false,"template":"","format":"standard","meta":{"nf_dc_page":"","pagelayer_contact_templates":[],"_pagelayer_content":"","footnotes":""},"categories":[1],"tags":[],"class_list":["post-6118","post","type-post","status-publish","format-standard","hentry","category-uncategorized"],"_links":{"self":[{"href":"https:\/\/gabrielsoman.com\/app\/wp-json\/wp\/v2\/posts\/6118","targetHints":{"allow":["GET"]}}],"collection":[{"href":"https:\/\/gabrielsoman.com\/app\/wp-json\/wp\/v2\/posts"}],"about":[{"href":"https:\/\/gabrielsoman.com\/app\/wp-json\/wp\/v2\/types\/post"}],"author":[{"embeddable":true,"href":"https:\/\/gabrielsoman.com\/app\/wp-json\/wp\/v2\/users\/2"}],"replies":[{"embeddable":true,"href":"https:\/\/gabrielsoman.com\/app\/wp-json\/wp\/v2\/comments?post=6118"}],"version-history":[{"count":0,"href":"https:\/\/gabrielsoman.com\/app\/wp-json\/wp\/v2\/posts\/6118\/revisions"}],"wp:attachment":[{"href":"https:\/\/gabrielsoman.com\/app\/wp-json\/wp\/v2\/media?parent=6118"}],"wp:term":[{"taxonomy":"category","embeddable":true,"href":"https:\/\/gabrielsoman.com\/app\/wp-json\/wp\/v2\/categories?post=6118"},{"taxonomy":"post_tag","embeddable":true,"href":"https:\/\/gabrielsoman.com\/app\/wp-json\/wp\/v2\/tags?post=6118"}],"curies":[{"name":"wp","href":"https:\/\/api.w.org\/{rel}","templated":true}]}}