{"id":6129,"date":"2025-02-03T03:31:31","date_gmt":"2025-02-03T03:31:31","guid":{"rendered":"https:\/\/gabrielsoman.com\/app\/2025\/02\/03\/suspensao-do-escaneamento-de-iris-no-brasil-implicacoes-e-controversias\/"},"modified":"2025-02-03T03:31:31","modified_gmt":"2025-02-03T03:31:31","slug":"suspensao-do-escaneamento-de-iris-no-brasil-implicacoes-e-controversias","status":"publish","type":"post","link":"https:\/\/gabrielsoman.com\/app\/2025\/02\/03\/suspensao-do-escaneamento-de-iris-no-brasil-implicacoes-e-controversias\/","title":{"rendered":"Suspens\u00e3o do Escaneamento de \u00cdris no Brasil: Implica\u00e7\u00f5es e Controv\u00e9rsias"},"content":{"rendered":"<p>A pr\u00e1tica de escaneamento de \u00edris, amplamente adotada em processos de identifica\u00e7\u00e3o biom\u00e9trica, foi suspensa no Brasil ap\u00f3s a decis\u00e3o de um tribunal que levantou quest\u00f5es de privacidade e seguran\u00e7a. Essa tecnologia, considerada inovadora para a verifica\u00e7\u00e3o de identidade, foi recebida com ceticismo por parte de especialistas e defensores dos direitos humanos que alertam sobre os riscos associados ao uso de dados biom\u00e9tricos. <\/p>\n<p>O escaneamento de \u00edris utiliza padr\u00f5es \u00fanicos das \u00edris para autenticar indiv\u00edduos, prometendo maior precis\u00e3o em compara\u00e7\u00e3o a outras formas de identifica\u00e7\u00e3o, como impress\u00f5es digitais. No entanto, a crescente preocupa\u00e7\u00e3o com a privacidade levou ao questionamento sobre como esses dados seriam armazenados e utilizados, al\u00e9m do potencial para abusos. <\/p>\n<p>Recentemente, tr\u00eas ju\u00edzes de um tribunal do Rio de Janeiro decidiram suspender o uso dessa tecnologia em \u00f3rg\u00e3os p\u00fablicos, argumentando que o escaneamento sem consentimento exp\u00f5e os cidad\u00e3os a riscos desnecess\u00e1rios. Essa decis\u00e3o reflete um movimento em dire\u00e7\u00e3o \u00e0 prote\u00e7\u00e3o de dados pessoais, especialmente em um contexto em que a privacidade se torna cada vez mais cr\u00edtica devido \u00e0 digitaliza\u00e7\u00e3o e ao uso crescente de tecnologias que coletam informa\u00e7\u00f5es pessoais. <\/p>\n<p>A suspens\u00e3o do escaneamento de \u00edris levanta um debate mais amplo sobre a necessidade de regulamenta\u00e7\u00e3o e limites para o uso de tecnologias biom\u00e9tricas no Brasil. Embora haja um reconhecimento das vantagens potenciais, a seguran\u00e7a, a privacidade e os direitos civis devem ser priorizados, garantindo que qualquer implementa\u00e7\u00e3o futura n\u00e3o comprometa a liberdade individual. Com a medida, o Brasil se junta a outros pa\u00edses que reavaliam suas abordagens em rela\u00e7\u00e3o \u00e0s tecnologias de identifica\u00e7\u00e3o biom\u00e9trica, buscando um equil\u00edbrio saud\u00e1vel entre inova\u00e7\u00e3o e direitos humanos.<\/p>\n","protected":false},"excerpt":{"rendered":"<p>A pr\u00e1tica de escaneamento de \u00edris, amplamente adotada em processos de identifica\u00e7\u00e3o biom\u00e9trica, foi suspensa no Brasil ap\u00f3s a decis\u00e3o de um tribunal que levantou quest\u00f5es de privacidade e seguran\u00e7a. Essa tecnologia, considerada inovadora para a verifica\u00e7\u00e3o de identidade, foi recebida com ceticismo por parte de especialistas e defensores dos direitos humanos que alertam sobre [&hellip;]<\/p>\n","protected":false},"author":2,"featured_media":0,"comment_status":"open","ping_status":"open","sticky":false,"template":"","format":"standard","meta":{"nf_dc_page":"","pagelayer_contact_templates":[],"_pagelayer_content":"","footnotes":""},"categories":[1],"tags":[],"class_list":["post-6129","post","type-post","status-publish","format-standard","hentry","category-uncategorized"],"_links":{"self":[{"href":"https:\/\/gabrielsoman.com\/app\/wp-json\/wp\/v2\/posts\/6129","targetHints":{"allow":["GET"]}}],"collection":[{"href":"https:\/\/gabrielsoman.com\/app\/wp-json\/wp\/v2\/posts"}],"about":[{"href":"https:\/\/gabrielsoman.com\/app\/wp-json\/wp\/v2\/types\/post"}],"author":[{"embeddable":true,"href":"https:\/\/gabrielsoman.com\/app\/wp-json\/wp\/v2\/users\/2"}],"replies":[{"embeddable":true,"href":"https:\/\/gabrielsoman.com\/app\/wp-json\/wp\/v2\/comments?post=6129"}],"version-history":[{"count":0,"href":"https:\/\/gabrielsoman.com\/app\/wp-json\/wp\/v2\/posts\/6129\/revisions"}],"wp:attachment":[{"href":"https:\/\/gabrielsoman.com\/app\/wp-json\/wp\/v2\/media?parent=6129"}],"wp:term":[{"taxonomy":"category","embeddable":true,"href":"https:\/\/gabrielsoman.com\/app\/wp-json\/wp\/v2\/categories?post=6129"},{"taxonomy":"post_tag","embeddable":true,"href":"https:\/\/gabrielsoman.com\/app\/wp-json\/wp\/v2\/tags?post=6129"}],"curies":[{"name":"wp","href":"https:\/\/api.w.org\/{rel}","templated":true}]}}