{"id":6144,"date":"2025-02-03T14:28:13","date_gmt":"2025-02-03T17:28:13","guid":{"rendered":"https:\/\/gabrielsoman.com\/app\/2025\/02\/03\/impacto-da-suspensao-de-ajuda-humanitaria-pelas-decisoes-de-trump\/"},"modified":"2025-02-03T14:28:13","modified_gmt":"2025-02-03T17:28:13","slug":"impacto-da-suspensao-de-ajuda-humanitaria-pelas-decisoes-de-trump","status":"publish","type":"post","link":"https:\/\/gabrielsoman.com\/app\/2025\/02\/03\/impacto-da-suspensao-de-ajuda-humanitaria-pelas-decisoes-de-trump\/","title":{"rendered":"Impacto da Suspens\u00e3o de Ajuda Humanit\u00e1ria pelas Decis\u00f5es de Trump"},"content":{"rendered":"<p>A suspens\u00e3o das verbas destinadas a entidades de ajuda humanit\u00e1ria durante a administra\u00e7\u00e3o do ex-presidente Donald Trump gerou uma onda de incertezas e desafios imensos para as organiza\u00e7\u00f5es que dependem desse apoio. Com um corte significativo nos financiamentos, muitas dessas entidades se veem lutando para manter suas opera\u00e7\u00f5es, provocando uma crise humanit\u00e1ria em regi\u00f5es j\u00e1 vulner\u00e1veis.<\/p>\n<p>A decis\u00e3o de interromper esse financiamento teve repercuss\u00f5es diretas em diversas organiza\u00e7\u00f5es que atuam em \u00e1reas cr\u00edticas como sa\u00fade, educa\u00e7\u00e3o e assist\u00eancia em desastres naturais. Muitas dessas institui\u00e7\u00f5es relataram que sem os recursos governamentais, suas opera\u00e7\u00f5es est\u00e3o seriamente comprometidas, levando \u00e0 redu\u00e7\u00e3o de servi\u00e7os essenciais que atendem milh\u00f5es de pessoas necessitadas pelo mundo todo.<\/p>\n<p>De acordo com especialistas, essa mudan\u00e7a n\u00e3o apenas afeta a capacidade de resposta imediata \u00e0s crises, mas tamb\u00e9m prejudica projetos de longo prazo voltados para o desenvolvimento sustent\u00e1vel e a reconstru\u00e7\u00e3o de locais afetados por conflitos ou desastres. O resultado \u00e9 um efeito domin\u00f3 que agrava a pobreza e a inseguran\u00e7a alimentar em v\u00e1rias na\u00e7\u00f5es.<\/p>\n<p>Al\u00e9m disso, as organiza\u00e7\u00f5es enfrentam um cen\u00e1rio ca\u00f3tico de doa\u00e7\u00f5es privadas que n\u00e3o conseguem suprir o v\u00e1cuo deixado pelos cortes do governo. O aumento da competi\u00e7\u00e3o por recursos financeiros tem dificultado ainda mais o trabalho dessas entidades. Em meio a esse cen\u00e1rio desolador, a comunidade internacional observa com preocupa\u00e7\u00e3o, sabendo que esta situa\u00e7\u00e3o poder\u00e1 provocar uma escalada nas crises humanit\u00e1rias globais.<\/p>\n<p>Por fim, \u00e9 vital que a\u00e7\u00f5es emergenciais sejam tomadas para restaurar o apoio a essas organiza\u00e7\u00f5es. Caso contr\u00e1rio, as consequ\u00eancias para as popula\u00e7\u00f5es vulner\u00e1veis poder\u00e3o ser catastr\u00f3ficas, levando a um retrocesso em anos de esfor\u00e7os humanit\u00e1rios.<\/p>\n","protected":false},"excerpt":{"rendered":"<p>A suspens\u00e3o das verbas destinadas a entidades de ajuda humanit\u00e1ria durante a administra\u00e7\u00e3o do ex-presidente Donald Trump gerou uma onda de incertezas e desafios imensos para as organiza\u00e7\u00f5es que dependem desse apoio. Com um corte significativo nos financiamentos, muitas dessas entidades se veem lutando para manter suas opera\u00e7\u00f5es, provocando uma crise humanit\u00e1ria em regi\u00f5es j\u00e1 [&hellip;]<\/p>\n","protected":false},"author":2,"featured_media":0,"comment_status":"open","ping_status":"open","sticky":false,"template":"","format":"standard","meta":{"nf_dc_page":"","pagelayer_contact_templates":[],"_pagelayer_content":"","footnotes":""},"categories":[1],"tags":[],"class_list":["post-6144","post","type-post","status-publish","format-standard","hentry","category-uncategorized"],"_links":{"self":[{"href":"https:\/\/gabrielsoman.com\/app\/wp-json\/wp\/v2\/posts\/6144","targetHints":{"allow":["GET"]}}],"collection":[{"href":"https:\/\/gabrielsoman.com\/app\/wp-json\/wp\/v2\/posts"}],"about":[{"href":"https:\/\/gabrielsoman.com\/app\/wp-json\/wp\/v2\/types\/post"}],"author":[{"embeddable":true,"href":"https:\/\/gabrielsoman.com\/app\/wp-json\/wp\/v2\/users\/2"}],"replies":[{"embeddable":true,"href":"https:\/\/gabrielsoman.com\/app\/wp-json\/wp\/v2\/comments?post=6144"}],"version-history":[{"count":0,"href":"https:\/\/gabrielsoman.com\/app\/wp-json\/wp\/v2\/posts\/6144\/revisions"}],"wp:attachment":[{"href":"https:\/\/gabrielsoman.com\/app\/wp-json\/wp\/v2\/media?parent=6144"}],"wp:term":[{"taxonomy":"category","embeddable":true,"href":"https:\/\/gabrielsoman.com\/app\/wp-json\/wp\/v2\/categories?post=6144"},{"taxonomy":"post_tag","embeddable":true,"href":"https:\/\/gabrielsoman.com\/app\/wp-json\/wp\/v2\/tags?post=6144"}],"curies":[{"name":"wp","href":"https:\/\/api.w.org\/{rel}","templated":true}]}}