{"id":6159,"date":"2025-02-03T16:13:54","date_gmt":"2025-02-03T19:13:54","guid":{"rendered":"https:\/\/gabrielsoman.com\/app\/2025\/02\/03\/suspensao-do-escaneamento-de-iris-no-brasil-causa-debate\/"},"modified":"2025-02-03T16:13:54","modified_gmt":"2025-02-03T19:13:54","slug":"suspensao-do-escaneamento-de-iris-no-brasil-causa-debate","status":"publish","type":"post","link":"https:\/\/gabrielsoman.com\/app\/2025\/02\/03\/suspensao-do-escaneamento-de-iris-no-brasil-causa-debate\/","title":{"rendered":"Suspens\u00e3o do Escaneamento de \u00cdris no Brasil Causa Debate"},"content":{"rendered":"<p>O escaneamento de \u00edris, tecnologia que tem se mostrado promissora para a identifica\u00e7\u00e3o biom\u00e9trica, foi suspenso no Brasil devido a preocupa\u00e7\u00f5es com a privacidade e a seguran\u00e7a dos dados dos cidad\u00e3os. Este tipo de tecnologia utiliza caracter\u00edsticas da \u00edris humana para autenticar a identidade dos indiv\u00edduos, sendo considerada uma alternativa mais precisa em rela\u00e7\u00e3o a outras formas de biometria, como impress\u00f5es digitais. No entanto, autoridades e especialistas levantaram s\u00e9rias quest\u00f5es sobre a utiliza\u00e7\u00e3o dessa ferramenta, especialmente no que se refere \u00e0 prote\u00e7\u00e3o das informa\u00e7\u00f5es pessoais e ao risco de um uso indevido por parte de \u00f3rg\u00e3os governamentais.<\/p>\n<p>A decis\u00e3o de suspender a implementa\u00e7\u00e3o do escaneamento de \u00edris foi motivada por diversas cr\u00edticas recebidas de defensores dos direitos civis, que alertaram para os potenciais riscos \u00e0 privacidade dos cidad\u00e3os. Apesar de suas vantagens tecnol\u00f3gicas, a falta de regulamenta\u00e7\u00e3o clara e de garantias de que os dados n\u00e3o seriam usados para fins abusivos foi um fator decisivo para essa decis\u00e3o.<\/p>\n<p>A suspens\u00e3o levantou discuss\u00f5es acaloradas no cen\u00e1rio nacional. Especialistas destacam que, embora a kim\u00e9dia de seguran\u00e7a oferecida pelo escaneamento de \u00edris possa ser uma solu\u00e7\u00e3o eficaz em algumas circunst\u00e2ncias, \u00e9 fundamental que haja um equil\u00edbrio entre inova\u00e7\u00e3o tecnol\u00f3gica e a prote\u00e7\u00e3o dos direitos individuais. A sociedade brasileira se v\u00ea em um dilema: como garantir seguran\u00e7a e moderniza\u00e7\u00e3o sem abrir m\u00e3o da privacidade e da liberdade? <\/p>\n<p>Dessa forma, o debate sobre a utiliza\u00e7\u00e3o de tecnologias biom\u00e9tricas deve continuar, com o objetivo de encontrar um caminho que respeite os direitos dos cidad\u00e3os e, ao mesmo tempo, atenda \u00e0 crescente demanda por solu\u00e7\u00f5es de seguran\u00e7a eficientes. A suspens\u00e3o do escaneamento de \u00edris \u00e9 apenas o come\u00e7o de uma conversa que se mostra essencial para o futuro da tecnologia no Brasil.<\/p>\n","protected":false},"excerpt":{"rendered":"<p>O escaneamento de \u00edris, tecnologia que tem se mostrado promissora para a identifica\u00e7\u00e3o biom\u00e9trica, foi suspenso no Brasil devido a preocupa\u00e7\u00f5es com a privacidade e a seguran\u00e7a dos dados dos cidad\u00e3os. Este tipo de tecnologia utiliza caracter\u00edsticas da \u00edris humana para autenticar a identidade dos indiv\u00edduos, sendo considerada uma alternativa mais precisa em rela\u00e7\u00e3o a [&hellip;]<\/p>\n","protected":false},"author":2,"featured_media":0,"comment_status":"open","ping_status":"open","sticky":false,"template":"","format":"standard","meta":{"nf_dc_page":"","pagelayer_contact_templates":[],"_pagelayer_content":"","footnotes":""},"categories":[1],"tags":[],"class_list":["post-6159","post","type-post","status-publish","format-standard","hentry","category-uncategorized"],"_links":{"self":[{"href":"https:\/\/gabrielsoman.com\/app\/wp-json\/wp\/v2\/posts\/6159","targetHints":{"allow":["GET"]}}],"collection":[{"href":"https:\/\/gabrielsoman.com\/app\/wp-json\/wp\/v2\/posts"}],"about":[{"href":"https:\/\/gabrielsoman.com\/app\/wp-json\/wp\/v2\/types\/post"}],"author":[{"embeddable":true,"href":"https:\/\/gabrielsoman.com\/app\/wp-json\/wp\/v2\/users\/2"}],"replies":[{"embeddable":true,"href":"https:\/\/gabrielsoman.com\/app\/wp-json\/wp\/v2\/comments?post=6159"}],"version-history":[{"count":0,"href":"https:\/\/gabrielsoman.com\/app\/wp-json\/wp\/v2\/posts\/6159\/revisions"}],"wp:attachment":[{"href":"https:\/\/gabrielsoman.com\/app\/wp-json\/wp\/v2\/media?parent=6159"}],"wp:term":[{"taxonomy":"category","embeddable":true,"href":"https:\/\/gabrielsoman.com\/app\/wp-json\/wp\/v2\/categories?post=6159"},{"taxonomy":"post_tag","embeddable":true,"href":"https:\/\/gabrielsoman.com\/app\/wp-json\/wp\/v2\/tags?post=6159"}],"curies":[{"name":"wp","href":"https:\/\/api.w.org\/{rel}","templated":true}]}}