{"id":6185,"date":"2025-02-04T17:19:30","date_gmt":"2025-02-04T20:19:30","guid":{"rendered":"https:\/\/gabrielsoman.com\/app\/2025\/02\/04\/inovacao-na-protecao-digital-seguro-contra-cancelamento-nas-redes-sociais\/"},"modified":"2025-02-04T17:19:30","modified_gmt":"2025-02-04T20:19:30","slug":"inovacao-na-protecao-digital-seguro-contra-cancelamento-nas-redes-sociais","status":"publish","type":"post","link":"https:\/\/gabrielsoman.com\/app\/2025\/02\/04\/inovacao-na-protecao-digital-seguro-contra-cancelamento-nas-redes-sociais\/","title":{"rendered":"Inova\u00e7\u00e3o na Prote\u00e7\u00e3o Digital: Seguro Contra Cancelamento nas Redes Sociais"},"content":{"rendered":"<p>Com o crescimento das redes sociais, a preocupa\u00e7\u00e3o em ser &#8220;cancelado&#8221; se tornou uma realidade para muitos indiv\u00edduos e empresas. O que antes era um risco meramente psicol\u00f3gico agora ganha uma nova dimens\u00e3o com a introdu\u00e7\u00e3o de um seguro espec\u00edfico para proteger contra o fen\u00f4meno do cancelamento. Este tipo de seguro busca oferecer cobertura para preju\u00edzos financeiros e de imagem que possam ocorrer em consequ\u00eancia de uma repercuss\u00e3o negativa na internet.<\/p>\n<p>O conceito de cancelamento refere-se ao boicote social que ocorre quando um indiv\u00edduo ou empresa \u00e9 criticado publicamente, geralmente nas redes sociais, por quest\u00f5es relacionadas a comportamentos considerados inaceit\u00e1veis ou prejudiciais. A press\u00e3o para se alinhar a valores sociais tem levado muitas pessoas a agirem com cautela, temendo que uma simples opini\u00e3o ou coment\u00e1rio possa resultar em consequ\u00eancias desastrosas.<\/p>\n<p>O novo produto de seguro surge como um al\u00edvio para aqueles que se sentem vulner\u00e1veis. Ele cobre desde despesas legais at\u00e9 danos \u00e0 reputa\u00e7\u00e3o, proporcionando uma rede de seguran\u00e7a em um cen\u00e1rio onde a reputa\u00e7\u00e3o online \u00e9 crucial. Algumas seguradoras j\u00e1 est\u00e3o elaborando pol\u00edticas que incluem consultoria especializada para gerenciar crises de imagem.<\/p>\n<p>Al\u00e9m disso, o seguro contra cancelamento tamb\u00e9m reflete uma mudan\u00e7a nas din\u00e2micas de responsabilidade e percep\u00e7\u00e3o p\u00fablica. \u00c0 medida que as redes sociais movem-se a uma velocidade impressionante, a possibilidade de uma pessoa ou marca ser &#8220;cancelada&#8221; por um erro de comunica\u00e7\u00e3o ou mal-entendido torna-se mais relevante. O mercado j\u00e1 come\u00e7a a ver empresas investindo nessa prote\u00e7\u00e3o, adaptando-se ao novo normal das intera\u00e7\u00f5es digitais.<\/p>\n<p>A chegada desse tipo de seguro marca uma era em que a consci\u00eancia sobre a fragilidade da imagem p\u00fablica online se torna um grande ativo, destacando a necessidade de estrat\u00e9gias eficazes para prote\u00e7\u00e3o e recupera\u00e7\u00e3o no mundo digital.<\/p>\n","protected":false},"excerpt":{"rendered":"<p>Com o crescimento das redes sociais, a preocupa\u00e7\u00e3o em ser &#8220;cancelado&#8221; se tornou uma realidade para muitos indiv\u00edduos e empresas. O que antes era um risco meramente psicol\u00f3gico agora ganha uma nova dimens\u00e3o com a introdu\u00e7\u00e3o de um seguro espec\u00edfico para proteger contra o fen\u00f4meno do cancelamento. Este tipo de seguro busca oferecer cobertura para [&hellip;]<\/p>\n","protected":false},"author":2,"featured_media":0,"comment_status":"open","ping_status":"open","sticky":false,"template":"","format":"standard","meta":{"nf_dc_page":"","pagelayer_contact_templates":[],"_pagelayer_content":"","footnotes":""},"categories":[1],"tags":[],"class_list":["post-6185","post","type-post","status-publish","format-standard","hentry","category-uncategorized"],"_links":{"self":[{"href":"https:\/\/gabrielsoman.com\/app\/wp-json\/wp\/v2\/posts\/6185","targetHints":{"allow":["GET"]}}],"collection":[{"href":"https:\/\/gabrielsoman.com\/app\/wp-json\/wp\/v2\/posts"}],"about":[{"href":"https:\/\/gabrielsoman.com\/app\/wp-json\/wp\/v2\/types\/post"}],"author":[{"embeddable":true,"href":"https:\/\/gabrielsoman.com\/app\/wp-json\/wp\/v2\/users\/2"}],"replies":[{"embeddable":true,"href":"https:\/\/gabrielsoman.com\/app\/wp-json\/wp\/v2\/comments?post=6185"}],"version-history":[{"count":0,"href":"https:\/\/gabrielsoman.com\/app\/wp-json\/wp\/v2\/posts\/6185\/revisions"}],"wp:attachment":[{"href":"https:\/\/gabrielsoman.com\/app\/wp-json\/wp\/v2\/media?parent=6185"}],"wp:term":[{"taxonomy":"category","embeddable":true,"href":"https:\/\/gabrielsoman.com\/app\/wp-json\/wp\/v2\/categories?post=6185"},{"taxonomy":"post_tag","embeddable":true,"href":"https:\/\/gabrielsoman.com\/app\/wp-json\/wp\/v2\/tags?post=6185"}],"curies":[{"name":"wp","href":"https:\/\/api.w.org\/{rel}","templated":true}]}}