{"id":6198,"date":"2025-02-04T18:46:01","date_gmt":"2025-02-04T21:46:01","guid":{"rendered":"https:\/\/gabrielsoman.com\/app\/2025\/02\/04\/guitarload-na-namm-2025-cobertura-completa-da-feira-musical-2\/"},"modified":"2025-02-04T18:46:01","modified_gmt":"2025-02-04T21:46:01","slug":"guitarload-na-namm-2025-cobertura-completa-da-feira-musical-2","status":"publish","type":"post","link":"https:\/\/gabrielsoman.com\/app\/2025\/02\/04\/guitarload-na-namm-2025-cobertura-completa-da-feira-musical-2\/","title":{"rendered":"Guitarload na NAMM 2025: Cobertura Completa da Feira Musical"},"content":{"rendered":"<p>A NAMM 2025, a maior feira de m\u00fasica do mundo, foi um grande sucesso, e a Guitarload n\u00e3o ficou de fora dessa celebra\u00e7\u00e3o da m\u00fasica e da inova\u00e7\u00e3o. O evento, realizado em Anaheim, Calif\u00f3rnia, trouxe uma variedade impressionante de artistas, fabricantes e amantes da m\u00fasica juntos para explorar o que h\u00e1 de mais recente em instrumentos, equipamentos e tecnologia musical.<\/p>\n<p>Em nossa cobertura, apresentamos uma s\u00e9rie de v\u00eddeos que destacam os principais lan\u00e7amentos do evento. Os fabricantes exibiram uma infinidade de guitarras, amplificadores e acess\u00f3rios que est\u00e3o definindo tend\u00eancias para o pr\u00f3ximo ano. Entre as apresenta\u00e7\u00f5es mais esperadas, guitarristas renomados subiram ao palco, demonstrando suas habilidades e novas manchetes. A intera\u00e7\u00e3o entre m\u00fasicos e fabricantes foi uma das caracter\u00edsticas marcantes deste ano, com muitas conversas ao vivo e demonstra\u00e7\u00f5es ao longo do evento.<\/p>\n<p>Os v\u00eddeos que produzimos capturam n\u00e3o apenas os produtos em destaque, mas tamb\u00e9m a atmosfera vibrante e a paix\u00e3o por tr\u00e1s da m\u00fasica. A NAMM \u00e9 mais do que uma simples feira de neg\u00f3cios; \u00e9 uma verdadeira experi\u00eancia onde pessoas de diferentes partes do mundo se encontram para trocar ideias e inspira\u00e7\u00f5es. Convidamos nossos leitores a conferirem nossa cobertura em v\u00eddeo, onde \u00e9 poss\u00edvel ver de perto as inova\u00e7\u00f5es que esperam por n\u00f3s no pr\u00f3ximo ano.<\/p>\n<p>A import\u00e2ncia da NAMM para a ind\u00fastria musical n\u00e3o pode ser subestimada. Cada edi\u00e7\u00e3o oferece a chance de ver as novas tend\u00eancias e novidades que moldar\u00e3o o futuro da m\u00fasica. Fique atento para mais novidades e an\u00e1lises detalhadas sobre tudo o que rolou na NAMM 2025 na Guitarload!<\/p>\n","protected":false},"excerpt":{"rendered":"<p>A NAMM 2025, a maior feira de m\u00fasica do mundo, foi um grande sucesso, e a Guitarload n\u00e3o ficou de fora dessa celebra\u00e7\u00e3o da m\u00fasica e da inova\u00e7\u00e3o. O evento, realizado em Anaheim, Calif\u00f3rnia, trouxe uma variedade impressionante de artistas, fabricantes e amantes da m\u00fasica juntos para explorar o que h\u00e1 de mais recente em [&hellip;]<\/p>\n","protected":false},"author":2,"featured_media":0,"comment_status":"open","ping_status":"open","sticky":false,"template":"","format":"standard","meta":{"nf_dc_page":"","pagelayer_contact_templates":[],"_pagelayer_content":"","footnotes":""},"categories":[1],"tags":[],"class_list":["post-6198","post","type-post","status-publish","format-standard","hentry","category-uncategorized"],"_links":{"self":[{"href":"https:\/\/gabrielsoman.com\/app\/wp-json\/wp\/v2\/posts\/6198","targetHints":{"allow":["GET"]}}],"collection":[{"href":"https:\/\/gabrielsoman.com\/app\/wp-json\/wp\/v2\/posts"}],"about":[{"href":"https:\/\/gabrielsoman.com\/app\/wp-json\/wp\/v2\/types\/post"}],"author":[{"embeddable":true,"href":"https:\/\/gabrielsoman.com\/app\/wp-json\/wp\/v2\/users\/2"}],"replies":[{"embeddable":true,"href":"https:\/\/gabrielsoman.com\/app\/wp-json\/wp\/v2\/comments?post=6198"}],"version-history":[{"count":0,"href":"https:\/\/gabrielsoman.com\/app\/wp-json\/wp\/v2\/posts\/6198\/revisions"}],"wp:attachment":[{"href":"https:\/\/gabrielsoman.com\/app\/wp-json\/wp\/v2\/media?parent=6198"}],"wp:term":[{"taxonomy":"category","embeddable":true,"href":"https:\/\/gabrielsoman.com\/app\/wp-json\/wp\/v2\/categories?post=6198"},{"taxonomy":"post_tag","embeddable":true,"href":"https:\/\/gabrielsoman.com\/app\/wp-json\/wp\/v2\/tags?post=6198"}],"curies":[{"name":"wp","href":"https:\/\/api.w.org\/{rel}","templated":true}]}}