{"id":6203,"date":"2025-02-04T19:05:21","date_gmt":"2025-02-04T22:05:21","guid":{"rendered":"https:\/\/gabrielsoman.com\/app\/2025\/02\/04\/felicidade-e-bem-estar-o-verdadeiro-segredo-da-alegria-ao-longo-da-vida\/"},"modified":"2025-02-04T19:05:21","modified_gmt":"2025-02-04T22:05:21","slug":"felicidade-e-bem-estar-o-verdadeiro-segredo-da-alegria-ao-longo-da-vida","status":"publish","type":"post","link":"https:\/\/gabrielsoman.com\/app\/2025\/02\/04\/felicidade-e-bem-estar-o-verdadeiro-segredo-da-alegria-ao-longo-da-vida\/","title":{"rendered":"Felicidade e Bem-Estar: O Verdadeiro Segredo da Alegria ao Longo da Vida"},"content":{"rendered":"<p>Estudos recentes t\u00eam trazido \u00e0 tona a discuss\u00e3o sobre como a felicidade est\u00e1 menos relacionada \u00e0 idade e mais ao n\u00edvel de bem-estar pessoal. Pesquisas demonstram que as emo\u00e7\u00f5es positivas e a satisfa\u00e7\u00e3o com a vida n\u00e3o s\u00e3o exclusivas de determinadas faixas et\u00e1rias, mas podem ser encontradas em qualquer fase da vida, desde a juventude at\u00e9 a velhice.<\/p>\n<p>Entender que a felicidade \u00e9 influenciada por fatores como sa\u00fade mental, relacionamentos, realiza\u00e7\u00f5es pessoais e reconhecimento social \u00e9 crucial. Ao contr\u00e1rio da cren\u00e7a popular que sugere que a felicidade diminui com a idade, evid\u00eancias mostram que muitos indiv\u00edduos mais velhos reportam n\u00edveis elevados de felicidade. Isso pode ocorrer porque, com o passar do tempo, as pessoas tendem a desenvolver uma perspectiva mais positiva, valorizar mais os pequenos prazeres e cultivar relacionamentos significativos.<\/p>\n<p>Um dos fatores que mais impacta a felicidade \u00e9, sem d\u00favida, o bem-estar emocional. A pr\u00e1tica de atividades que promovem o autocuidado, como exerc\u00edcios f\u00edsicos, medita\u00e7\u00e3o e hobbies, contribui significativamente para uma vida mais plena e satisfat\u00f3ria. Al\u00e9m disso, o suporte social \u00e9 fundamental; aqueles que mant\u00eam redes de apoio, sejam amigos ou familiares, tendem a se sentir mais felizes e satisfeitos.<\/p>\n<p>Em suma, ao longo da vida, a busca pela felicidade deve estar ligada a escolhas que promovam o bem-estar, mais do que a preocupa\u00e7\u00e3o com a idade. Celebrar cada fase da vida e cultivar experi\u00eancias que trazem alegria e conex\u00e3o \u00e9 a chave para uma exist\u00eancia mais feliz. Portanto, focar em a\u00e7\u00f5es que aumentam o bem-estar pode ser a melhor estrat\u00e9gia para aumentar a felicidade em qualquer idade.<\/p>\n","protected":false},"excerpt":{"rendered":"<p>Estudos recentes t\u00eam trazido \u00e0 tona a discuss\u00e3o sobre como a felicidade est\u00e1 menos relacionada \u00e0 idade e mais ao n\u00edvel de bem-estar pessoal. Pesquisas demonstram que as emo\u00e7\u00f5es positivas e a satisfa\u00e7\u00e3o com a vida n\u00e3o s\u00e3o exclusivas de determinadas faixas et\u00e1rias, mas podem ser encontradas em qualquer fase da vida, desde a juventude [&hellip;]<\/p>\n","protected":false},"author":2,"featured_media":0,"comment_status":"open","ping_status":"open","sticky":false,"template":"","format":"standard","meta":{"nf_dc_page":"","pagelayer_contact_templates":[],"_pagelayer_content":"","footnotes":""},"categories":[1],"tags":[],"class_list":["post-6203","post","type-post","status-publish","format-standard","hentry","category-uncategorized"],"_links":{"self":[{"href":"https:\/\/gabrielsoman.com\/app\/wp-json\/wp\/v2\/posts\/6203","targetHints":{"allow":["GET"]}}],"collection":[{"href":"https:\/\/gabrielsoman.com\/app\/wp-json\/wp\/v2\/posts"}],"about":[{"href":"https:\/\/gabrielsoman.com\/app\/wp-json\/wp\/v2\/types\/post"}],"author":[{"embeddable":true,"href":"https:\/\/gabrielsoman.com\/app\/wp-json\/wp\/v2\/users\/2"}],"replies":[{"embeddable":true,"href":"https:\/\/gabrielsoman.com\/app\/wp-json\/wp\/v2\/comments?post=6203"}],"version-history":[{"count":0,"href":"https:\/\/gabrielsoman.com\/app\/wp-json\/wp\/v2\/posts\/6203\/revisions"}],"wp:attachment":[{"href":"https:\/\/gabrielsoman.com\/app\/wp-json\/wp\/v2\/media?parent=6203"}],"wp:term":[{"taxonomy":"category","embeddable":true,"href":"https:\/\/gabrielsoman.com\/app\/wp-json\/wp\/v2\/categories?post=6203"},{"taxonomy":"post_tag","embeddable":true,"href":"https:\/\/gabrielsoman.com\/app\/wp-json\/wp\/v2\/tags?post=6203"}],"curies":[{"name":"wp","href":"https:\/\/api.w.org\/{rel}","templated":true}]}}