{"id":6226,"date":"2025-02-04T20:02:50","date_gmt":"2025-02-04T23:02:50","guid":{"rendered":"https:\/\/gabrielsoman.com\/app\/2025\/02\/04\/guitarload-na-namm-2025-destaques-e-videos-da-feira-musical\/"},"modified":"2025-02-04T20:02:50","modified_gmt":"2025-02-04T23:02:50","slug":"guitarload-na-namm-2025-destaques-e-videos-da-feira-musical","status":"publish","type":"post","link":"https:\/\/gabrielsoman.com\/app\/2025\/02\/04\/guitarload-na-namm-2025-destaques-e-videos-da-feira-musical\/","title":{"rendered":"Guitarload na NAMM 2025: Destaques e V\u00eddeos da Feira Musical"},"content":{"rendered":"<p>A NAMM 2025, uma das maiores feiras de m\u00fasica do mundo, foi palco de inova\u00e7\u00f5es incr\u00edveis e lan\u00e7amentos empolgantes. A Guitarload esteve presente, trazendo uma cobertura completa das novidades que marcaram o evento. Com uma imers\u00e3o nas mais recentes tend\u00eancias em instrumentos, equipamentos e tecnologia musical, a feira apresentou n\u00e3o apenas os lan\u00e7amentos de grandes marcas, mas tamb\u00e9m a criatividade de luthiers independentes e pequenas empresas. <\/p>\n<p>Durante os dias do evento, diversos v\u00eddeos foram produzidos para mostrar tudo o que h\u00e1 de novo no universo da m\u00fasica. Os v\u00eddeos destacam entrevistas com fabricantes, demonstra\u00e7\u00f5es de produtos in\u00e9ditos e performances ao vivo de artistas renomados. Al\u00e9m disso, a cobertura da Guitarload conseguiu capturar a ess\u00eancia do evento, apresentando n\u00e3o s\u00f3 os produtos, mas tamb\u00e9m a atmosfera vibrante que permeia a NAMM. <\/p>\n<p>Os frequentadores tiveram a oportunidade de experimentar novos modelos de guitarras, amplificadores, pedais e muito mais. Entre os destaques, vimos inova\u00e7\u00f5es tecnol\u00f3gicas que prometem transformar a maneira como m\u00fasicos se conectam com seus instrumentos e o p\u00fablico. A NAMM 2025 foi um verdadeiro para\u00edso para os amantes da m\u00fasica, e a Guitarload fez quest\u00e3o de trazer todos os detalhes. <\/p>\n<p>Os v\u00eddeos podem ser conferidos em nosso site, proporcionando uma vis\u00e3o abrangente e visual do que aconteceu na feira. N\u00e3o perca a chance de ficar por dentro de todos os lan\u00e7amentos e tend\u00eancias que regem o cen\u00e1rio musical atual. A cobertura da Guitarload ir\u00e1 gui\u00e1-lo por tudo o que voc\u00ea precisa saber sobre a NAMM 2025!<\/p>\n","protected":false},"excerpt":{"rendered":"<p>A NAMM 2025, uma das maiores feiras de m\u00fasica do mundo, foi palco de inova\u00e7\u00f5es incr\u00edveis e lan\u00e7amentos empolgantes. A Guitarload esteve presente, trazendo uma cobertura completa das novidades que marcaram o evento. Com uma imers\u00e3o nas mais recentes tend\u00eancias em instrumentos, equipamentos e tecnologia musical, a feira apresentou n\u00e3o apenas os lan\u00e7amentos de grandes [&hellip;]<\/p>\n","protected":false},"author":2,"featured_media":0,"comment_status":"open","ping_status":"open","sticky":false,"template":"","format":"standard","meta":{"nf_dc_page":"","pagelayer_contact_templates":[],"_pagelayer_content":"","footnotes":""},"categories":[1],"tags":[],"class_list":["post-6226","post","type-post","status-publish","format-standard","hentry","category-uncategorized"],"_links":{"self":[{"href":"https:\/\/gabrielsoman.com\/app\/wp-json\/wp\/v2\/posts\/6226","targetHints":{"allow":["GET"]}}],"collection":[{"href":"https:\/\/gabrielsoman.com\/app\/wp-json\/wp\/v2\/posts"}],"about":[{"href":"https:\/\/gabrielsoman.com\/app\/wp-json\/wp\/v2\/types\/post"}],"author":[{"embeddable":true,"href":"https:\/\/gabrielsoman.com\/app\/wp-json\/wp\/v2\/users\/2"}],"replies":[{"embeddable":true,"href":"https:\/\/gabrielsoman.com\/app\/wp-json\/wp\/v2\/comments?post=6226"}],"version-history":[{"count":0,"href":"https:\/\/gabrielsoman.com\/app\/wp-json\/wp\/v2\/posts\/6226\/revisions"}],"wp:attachment":[{"href":"https:\/\/gabrielsoman.com\/app\/wp-json\/wp\/v2\/media?parent=6226"}],"wp:term":[{"taxonomy":"category","embeddable":true,"href":"https:\/\/gabrielsoman.com\/app\/wp-json\/wp\/v2\/categories?post=6226"},{"taxonomy":"post_tag","embeddable":true,"href":"https:\/\/gabrielsoman.com\/app\/wp-json\/wp\/v2\/tags?post=6226"}],"curies":[{"name":"wp","href":"https:\/\/api.w.org\/{rel}","templated":true}]}}