{"id":6234,"date":"2025-02-04T20:04:16","date_gmt":"2025-02-04T23:04:16","guid":{"rendered":"https:\/\/gabrielsoman.com\/app\/2025\/02\/04\/protecao-contra-o-cancelamento-surge-o-seguro-para-aqueles-com-medo-de-repercussao-nas-redes-sociais\/"},"modified":"2025-02-04T20:04:16","modified_gmt":"2025-02-04T23:04:16","slug":"protecao-contra-o-cancelamento-surge-o-seguro-para-aqueles-com-medo-de-repercussao-nas-redes-sociais","status":"publish","type":"post","link":"https:\/\/gabrielsoman.com\/app\/2025\/02\/04\/protecao-contra-o-cancelamento-surge-o-seguro-para-aqueles-com-medo-de-repercussao-nas-redes-sociais\/","title":{"rendered":"Prote\u00e7\u00e3o Contra o Cancelamento: Surge o Seguro Para Aqueles com Medo de Repercuss\u00e3o nas Redes Sociais"},"content":{"rendered":"<p>A cultura do cancelamento nas redes sociais tem gerado uma onda de preocupa\u00e7\u00f5es em torno da reputa\u00e7\u00e3o de indiv\u00edduos e empresas. Diversos casos de pessoas e marcas sendo \u2018canceladas\u2019 por a\u00e7\u00f5es, coment\u00e1rios ou mesmo posicionamentos controversos nas plataformas digitais despertaram a necessidade de uma prote\u00e7\u00e3o maior neste mundo virtual. Em resposta a esse fen\u00f4meno, surge uma novidade no mercado: seguros espec\u00edficos para aqueles que temem ser alvo desse tipo de repres\u00e1lia.<\/p>\n<p>A ideia \u00e9 simples, mas inovadora: oferecer uma rede de seguran\u00e7a financeira para cobrir poss\u00edveis preju\u00edzos resultantes de uma poss\u00edvel \u2018cancelamento\u2019. Este tipo de seguro oferece suporte jur\u00eddico e consultoria especializada para ajudar os segurados a gerenciar crises de reputa\u00e7\u00e3o. Al\u00e9m disso, traz benef\u00edcios como orienta\u00e7\u00f5es sobre como proceder em casos de ataques nas redes sociais, ajudando a restaurar a imagem do cliente ap\u00f3s um epis\u00f3dio problem\u00e1tico.<\/p>\n<p>As ap\u00f3lices de seguro incluem, frequentemente, prote\u00e7\u00e3o contra difama\u00e7\u00e3o, custos de defesa legal e mesmo assist\u00eancia em rela\u00e7\u00f5es p\u00fablicas. Isso \u00e9 especialmente relevante em um momento em que as redes sociais amplificam os erros e polarizam opini\u00f5es, criando um ambiente vol\u00e1til para qualquer pessoa em destaque, sejam celebridades, influenciadores ou empresas.<\/p>\n<p>Enquanto alguns podem considerar essa medida exagerada, a ades\u00e3o crescente a esses seguros reflete uma nova realidade: viver na era digital exige, cada vez mais, mecanismos de prote\u00e7\u00e3o para a reputa\u00e7\u00e3o. Com o aumento da vigil\u00e2ncia p\u00fablica e a not\u00edcia espalhando-se a uma velocidade vertiginosa, a tranquilidade em saber que h\u00e1 um respaldo financeiro e legal pode ser um al\u00edvio significativo para quem tem medo das consequ\u00eancias de um cancelamento nas redes sociais.<\/p>\n","protected":false},"excerpt":{"rendered":"<p>A cultura do cancelamento nas redes sociais tem gerado uma onda de preocupa\u00e7\u00f5es em torno da reputa\u00e7\u00e3o de indiv\u00edduos e empresas. Diversos casos de pessoas e marcas sendo \u2018canceladas\u2019 por a\u00e7\u00f5es, coment\u00e1rios ou mesmo posicionamentos controversos nas plataformas digitais despertaram a necessidade de uma prote\u00e7\u00e3o maior neste mundo virtual. Em resposta a esse fen\u00f4meno, surge [&hellip;]<\/p>\n","protected":false},"author":2,"featured_media":0,"comment_status":"open","ping_status":"open","sticky":false,"template":"","format":"standard","meta":{"nf_dc_page":"","pagelayer_contact_templates":[],"_pagelayer_content":"","footnotes":""},"categories":[1],"tags":[],"class_list":["post-6234","post","type-post","status-publish","format-standard","hentry","category-uncategorized"],"_links":{"self":[{"href":"https:\/\/gabrielsoman.com\/app\/wp-json\/wp\/v2\/posts\/6234","targetHints":{"allow":["GET"]}}],"collection":[{"href":"https:\/\/gabrielsoman.com\/app\/wp-json\/wp\/v2\/posts"}],"about":[{"href":"https:\/\/gabrielsoman.com\/app\/wp-json\/wp\/v2\/types\/post"}],"author":[{"embeddable":true,"href":"https:\/\/gabrielsoman.com\/app\/wp-json\/wp\/v2\/users\/2"}],"replies":[{"embeddable":true,"href":"https:\/\/gabrielsoman.com\/app\/wp-json\/wp\/v2\/comments?post=6234"}],"version-history":[{"count":0,"href":"https:\/\/gabrielsoman.com\/app\/wp-json\/wp\/v2\/posts\/6234\/revisions"}],"wp:attachment":[{"href":"https:\/\/gabrielsoman.com\/app\/wp-json\/wp\/v2\/media?parent=6234"}],"wp:term":[{"taxonomy":"category","embeddable":true,"href":"https:\/\/gabrielsoman.com\/app\/wp-json\/wp\/v2\/categories?post=6234"},{"taxonomy":"post_tag","embeddable":true,"href":"https:\/\/gabrielsoman.com\/app\/wp-json\/wp\/v2\/tags?post=6234"}],"curies":[{"name":"wp","href":"https:\/\/api.w.org\/{rel}","templated":true}]}}