{"id":6243,"date":"2025-02-04T23:03:02","date_gmt":"2025-02-05T02:03:02","guid":{"rendered":"https:\/\/gabrielsoman.com\/app\/2025\/02\/04\/cop30-em-belem-a-importancia-do-brasil-e-da-amazonia-na-luta-climatica\/"},"modified":"2025-02-04T23:03:02","modified_gmt":"2025-02-05T02:03:02","slug":"cop30-em-belem-a-importancia-do-brasil-e-da-amazonia-na-luta-climatica","status":"publish","type":"post","link":"https:\/\/gabrielsoman.com\/app\/2025\/02\/04\/cop30-em-belem-a-importancia-do-brasil-e-da-amazonia-na-luta-climatica\/","title":{"rendered":"COP30 em Bel\u00e9m: A Import\u00e2ncia do Brasil e da Amaz\u00f4nia na Luta Clim\u00e1tica"},"content":{"rendered":"<p>A Confer\u00eancia das Partes sobre Mudan\u00e7as Clim\u00e1ticas da ONU, conhecida como COP30, ser\u00e1 realizada em Bel\u00e9m, no Brasil, em 2025. Este evento \u00e9 crucial n\u00e3o apenas por reunir lideran\u00e7as globais para discutir estrat\u00e9gias para combater as mudan\u00e7as clim\u00e1ticas, mas tamb\u00e9m por destacar o papel essencial que o Brasil e a Amaz\u00f4nia desempenham nessa agenda global. A Amaz\u00f4nia, reconhecida como &#8216;pulm\u00e3o do mundo&#8217;, abriga uma diversidade biol\u00f3gica sem igual e \u00e9 uma das principais reservas de carbono do planeta. A preserva\u00e7\u00e3o dessa floresta \u00e9 fundamental para a mitiga\u00e7\u00e3o dos efeitos das mudan\u00e7as clim\u00e1ticas.<\/p>\n<p>Neste contexto, o Brasil tem uma responsabilidade significativa, uma vez que a grande maioria da Amaz\u00f4nia est\u00e1 em seu territ\u00f3rio. O pa\u00eds \u00e9 visto como um l\u00edder potencial em iniciativas de sustentabilidade e preserva\u00e7\u00e3o ambiental, podendo influenciar positivamente as negocia\u00e7\u00f5es clim\u00e1ticas. A COP30 proporcionar\u00e1 uma oportunidade para o Brasil reafirmar seu compromisso com a defesa da Amaz\u00f4nia e implementar pol\u00edticas que combatam o desmatamento e promovam pr\u00e1ticas de desenvolvimento sustent\u00e1vel.<\/p>\n<p>A participa\u00e7\u00e3o da sociedade civil e de comunidades locais ser\u00e1 igualmente importante durante a COP30. Esses grupos t\u00eam um conhecimento valioso sobre a biodiversidade e os ecossistemas da Amaz\u00f4nia, e suas vozes precisam ser ouvidas nas discuss\u00f5es sobre pol\u00edticas ambientais e clim\u00e1ticas.<\/p>\n<p>Al\u00e9m disso, a confer\u00eancia deve abordar n\u00e3o apenas a prote\u00e7\u00e3o das florestas, mas tamb\u00e9m a necessidade de uma transi\u00e7\u00e3o justa para uma economia de baixo carbono, levando em conta os impactos sociais e econ\u00f4micos sobre as popula\u00e7\u00f5es locais. Assim, a realiza\u00e7\u00e3o da COP30 em Bel\u00e9m \u00e9 uma chance \u00fanica para o Brasil liderar uma agenda que una conserva\u00e7\u00e3o ambiental e desenvolvimento sustent\u00e1vel, promovendo um futuro mais equilibrado para o planeta.<\/p>\n","protected":false},"excerpt":{"rendered":"<p>A Confer\u00eancia das Partes sobre Mudan\u00e7as Clim\u00e1ticas da ONU, conhecida como COP30, ser\u00e1 realizada em Bel\u00e9m, no Brasil, em 2025. Este evento \u00e9 crucial n\u00e3o apenas por reunir lideran\u00e7as globais para discutir estrat\u00e9gias para combater as mudan\u00e7as clim\u00e1ticas, mas tamb\u00e9m por destacar o papel essencial que o Brasil e a Amaz\u00f4nia desempenham nessa agenda global. [&hellip;]<\/p>\n","protected":false},"author":2,"featured_media":0,"comment_status":"open","ping_status":"open","sticky":false,"template":"","format":"standard","meta":{"nf_dc_page":"","pagelayer_contact_templates":[],"_pagelayer_content":"","footnotes":""},"categories":[1],"tags":[],"class_list":["post-6243","post","type-post","status-publish","format-standard","hentry","category-uncategorized"],"_links":{"self":[{"href":"https:\/\/gabrielsoman.com\/app\/wp-json\/wp\/v2\/posts\/6243","targetHints":{"allow":["GET"]}}],"collection":[{"href":"https:\/\/gabrielsoman.com\/app\/wp-json\/wp\/v2\/posts"}],"about":[{"href":"https:\/\/gabrielsoman.com\/app\/wp-json\/wp\/v2\/types\/post"}],"author":[{"embeddable":true,"href":"https:\/\/gabrielsoman.com\/app\/wp-json\/wp\/v2\/users\/2"}],"replies":[{"embeddable":true,"href":"https:\/\/gabrielsoman.com\/app\/wp-json\/wp\/v2\/comments?post=6243"}],"version-history":[{"count":0,"href":"https:\/\/gabrielsoman.com\/app\/wp-json\/wp\/v2\/posts\/6243\/revisions"}],"wp:attachment":[{"href":"https:\/\/gabrielsoman.com\/app\/wp-json\/wp\/v2\/media?parent=6243"}],"wp:term":[{"taxonomy":"category","embeddable":true,"href":"https:\/\/gabrielsoman.com\/app\/wp-json\/wp\/v2\/categories?post=6243"},{"taxonomy":"post_tag","embeddable":true,"href":"https:\/\/gabrielsoman.com\/app\/wp-json\/wp\/v2\/tags?post=6243"}],"curies":[{"name":"wp","href":"https:\/\/api.w.org\/{rel}","templated":true}]}}