{"id":6254,"date":"2025-02-05T15:30:01","date_gmt":"2025-02-05T18:30:01","guid":{"rendered":"https:\/\/gabrielsoman.com\/app\/2025\/02\/05\/poliana-magalhaes-lanca-o-single-funk-karma-com-solo-de-artur-menezes\/"},"modified":"2025-02-05T15:30:01","modified_gmt":"2025-02-05T18:30:01","slug":"poliana-magalhaes-lanca-o-single-funk-karma-com-solo-de-artur-menezes","status":"publish","type":"post","link":"https:\/\/gabrielsoman.com\/app\/2025\/02\/05\/poliana-magalhaes-lanca-o-single-funk-karma-com-solo-de-artur-menezes\/","title":{"rendered":"Poliana Magalh\u00e3es Lan\u00e7a o Single \u2018Funk Karma\u2019 com Solo de Artur Menezes"},"content":{"rendered":"<p>A talentosa baixista Poliana Magalh\u00e3es acaba de lan\u00e7ar seu mais novo single intitulado \u2018Funk Karma\u2019. A m\u00fasica, que combina ritmos pulsantes e grooves envolventes, destaca n\u00e3o apenas a habilidade de Poliana no contrabaixo, mas tamb\u00e9m apresenta um impressionante solo do renomado guitarrista Artur Menezes. <\/p>\n<p>\u2018Funk Karma\u2019 \u00e9 uma fus\u00e3o de acordes que reflete a versatilidade de Poliana como artista. Ela j\u00e1 \u00e9 conhecida por sua habilidade em transitar entre diferentes estilos musicais, e neste novo trabalho n\u00e3o \u00e9 diferente. A can\u00e7\u00e3o se destaca por sua energia contagiante e por um beat que atrai tanto os amantes da m\u00fasica funk quanto os de rock. <\/p>\n<p>O solo de guitarra de Artur Menezes \u00e9 um dos pontos altos da faixa, trazendo uma nova dimens\u00e3o \u00e0 composi\u00e7\u00e3o. Com sua t\u00e9cnica apurada e estilo \u00fanico, Artur eleva a m\u00fasica a um patamar ainda mais emocionante, criando um di\u00e1logo musical entre o baixo e a guitarra que promete encantar os ouvintes. <\/p>\n<p>Al\u00e9m da parte instrumental, a produ\u00e7\u00e3o do single foi cuidadosamente elaborada para garantir que cada elemento sonoro brilhe. O resultado \u00e9 uma faixa coesa que se destaca no cen\u00e1rio da m\u00fasica brasileira contempor\u00e2nea. <\/p>\n<p>A recep\u00e7\u00e3o ao single tem sido altamente positiva, com f\u00e3s e cr\u00edticos elogiando a autenticidade e a profundidade da produ\u00e7\u00e3o. Poliana Magalh\u00e3es continua a reafirmar seu lugar na ind\u00fastria musical, exibindo sua habilidade como compositora, int\u00e9rprete e instrumentista. \u2018Funk Karma\u2019 \u00e9 uma prova de que a arte \u00e9 um reflexo da paix\u00e3o e dedica\u00e7\u00e3o de seus criadores. Ou\u00e7a agora e deixe-se envolver por essa nova sonoridade.<\/p>\n","protected":false},"excerpt":{"rendered":"<p>A talentosa baixista Poliana Magalh\u00e3es acaba de lan\u00e7ar seu mais novo single intitulado \u2018Funk Karma\u2019. A m\u00fasica, que combina ritmos pulsantes e grooves envolventes, destaca n\u00e3o apenas a habilidade de Poliana no contrabaixo, mas tamb\u00e9m apresenta um impressionante solo do renomado guitarrista Artur Menezes. \u2018Funk Karma\u2019 \u00e9 uma fus\u00e3o de acordes que reflete a versatilidade [&hellip;]<\/p>\n","protected":false},"author":2,"featured_media":0,"comment_status":"open","ping_status":"open","sticky":false,"template":"","format":"standard","meta":{"nf_dc_page":"","pagelayer_contact_templates":[],"_pagelayer_content":"","footnotes":""},"categories":[1],"tags":[],"class_list":["post-6254","post","type-post","status-publish","format-standard","hentry","category-uncategorized"],"_links":{"self":[{"href":"https:\/\/gabrielsoman.com\/app\/wp-json\/wp\/v2\/posts\/6254","targetHints":{"allow":["GET"]}}],"collection":[{"href":"https:\/\/gabrielsoman.com\/app\/wp-json\/wp\/v2\/posts"}],"about":[{"href":"https:\/\/gabrielsoman.com\/app\/wp-json\/wp\/v2\/types\/post"}],"author":[{"embeddable":true,"href":"https:\/\/gabrielsoman.com\/app\/wp-json\/wp\/v2\/users\/2"}],"replies":[{"embeddable":true,"href":"https:\/\/gabrielsoman.com\/app\/wp-json\/wp\/v2\/comments?post=6254"}],"version-history":[{"count":0,"href":"https:\/\/gabrielsoman.com\/app\/wp-json\/wp\/v2\/posts\/6254\/revisions"}],"wp:attachment":[{"href":"https:\/\/gabrielsoman.com\/app\/wp-json\/wp\/v2\/media?parent=6254"}],"wp:term":[{"taxonomy":"category","embeddable":true,"href":"https:\/\/gabrielsoman.com\/app\/wp-json\/wp\/v2\/categories?post=6254"},{"taxonomy":"post_tag","embeddable":true,"href":"https:\/\/gabrielsoman.com\/app\/wp-json\/wp\/v2\/tags?post=6254"}],"curies":[{"name":"wp","href":"https:\/\/api.w.org\/{rel}","templated":true}]}}