{"id":6268,"date":"2025-02-05T16:36:10","date_gmt":"2025-02-05T19:36:10","guid":{"rendered":"https:\/\/gabrielsoman.com\/app\/2025\/02\/05\/poliana-magalhaes-lanca-o-single-funk-karma-com-participacao-de-artur-menezes\/"},"modified":"2025-02-05T16:36:10","modified_gmt":"2025-02-05T19:36:10","slug":"poliana-magalhaes-lanca-o-single-funk-karma-com-participacao-de-artur-menezes","status":"publish","type":"post","link":"https:\/\/gabrielsoman.com\/app\/2025\/02\/05\/poliana-magalhaes-lanca-o-single-funk-karma-com-participacao-de-artur-menezes\/","title":{"rendered":"Poliana Magalh\u00e3es Lan\u00e7a o Single \u2018Funk Karma\u2019 com Participa\u00e7\u00e3o de Artur Menezes"},"content":{"rendered":"<p>A renomada baixista Poliana Magalh\u00e3es celebra o lan\u00e7amento de seu mais novo single intitulado \u2018Funk Karma\u2019. Este projeto \u00e9 uma demonstra\u00e7\u00e3o poderosa de seu talento e musicalidade, destacando-se no vibrante cen\u00e1rio da m\u00fasica brasileira. O single, que traz uma fus\u00e3o envolvente de grooves de funk e toques de rock, \u00e9 composto por ritmos dan\u00e7antes que prometem conquistar os ouvintes desde a primeira audi\u00e7\u00e3o.<\/p>\n<p>Uma das caracter\u00edsticas mais marcantes de \u2018Funk Karma\u2019 \u00e9 o solo de guitarra explosivo, executado pelo aclamado Artur Menezes, conhecido por sua habilidade excepcional e estilo \u00fanico. O artista acrescenta uma camada sonora impressionante \u00e0 faixa, elevando a composi\u00e7\u00e3o a novos patamares. A colabora\u00e7\u00e3o entre Poliana e Artur \u00e9 um reflexo de sua amizade e afinidade musical, demonstrando como a energia criativa pode resultar em obras de grande impacto.<\/p>\n<p>Poliana Magalh\u00e3es, que j\u00e1 \u00e9 um nome respeitado no meio musical, tem se destacado n\u00e3o apenas pela sua compet\u00eancia como instrumentista, mas tamb\u00e9m pela sua capacidade de compor m\u00fasicas que ressoam com o p\u00fablico. \u2018Funk Karma\u2019 representa uma nova fase em sua carreira, onde ela demonstra sua versatilidade e abre espa\u00e7o para novas experimenta\u00e7\u00f5es sonoras.<\/p>\n<p>O lan\u00e7amento de \u2018Funk Karma\u2019 vem acompanhado de um videoclipe que combina imagens vibrantes e coreografias energ\u00e9ticas, criando uma experi\u00eancia audiovisual cativante. Com essa nova faixa, Poliana reafirma sua presen\u00e7a no cen\u00e1rio musical e promete surpreender ainda mais com seu talento. N\u00e3o perca a oportunidade de ouvir \u2018Funk Karma\u2019 e se deixar levar pelas suas batidas contagiantes.<\/p>\n","protected":false},"excerpt":{"rendered":"<p>A renomada baixista Poliana Magalh\u00e3es celebra o lan\u00e7amento de seu mais novo single intitulado \u2018Funk Karma\u2019. Este projeto \u00e9 uma demonstra\u00e7\u00e3o poderosa de seu talento e musicalidade, destacando-se no vibrante cen\u00e1rio da m\u00fasica brasileira. O single, que traz uma fus\u00e3o envolvente de grooves de funk e toques de rock, \u00e9 composto por ritmos dan\u00e7antes que [&hellip;]<\/p>\n","protected":false},"author":2,"featured_media":0,"comment_status":"open","ping_status":"open","sticky":false,"template":"","format":"standard","meta":{"nf_dc_page":"","pagelayer_contact_templates":[],"_pagelayer_content":"","footnotes":""},"categories":[1],"tags":[],"class_list":["post-6268","post","type-post","status-publish","format-standard","hentry","category-uncategorized"],"_links":{"self":[{"href":"https:\/\/gabrielsoman.com\/app\/wp-json\/wp\/v2\/posts\/6268","targetHints":{"allow":["GET"]}}],"collection":[{"href":"https:\/\/gabrielsoman.com\/app\/wp-json\/wp\/v2\/posts"}],"about":[{"href":"https:\/\/gabrielsoman.com\/app\/wp-json\/wp\/v2\/types\/post"}],"author":[{"embeddable":true,"href":"https:\/\/gabrielsoman.com\/app\/wp-json\/wp\/v2\/users\/2"}],"replies":[{"embeddable":true,"href":"https:\/\/gabrielsoman.com\/app\/wp-json\/wp\/v2\/comments?post=6268"}],"version-history":[{"count":0,"href":"https:\/\/gabrielsoman.com\/app\/wp-json\/wp\/v2\/posts\/6268\/revisions"}],"wp:attachment":[{"href":"https:\/\/gabrielsoman.com\/app\/wp-json\/wp\/v2\/media?parent=6268"}],"wp:term":[{"taxonomy":"category","embeddable":true,"href":"https:\/\/gabrielsoman.com\/app\/wp-json\/wp\/v2\/categories?post=6268"},{"taxonomy":"post_tag","embeddable":true,"href":"https:\/\/gabrielsoman.com\/app\/wp-json\/wp\/v2\/tags?post=6268"}],"curies":[{"name":"wp","href":"https:\/\/api.w.org\/{rel}","templated":true}]}}