{"id":6278,"date":"2025-02-05T17:15:15","date_gmt":"2025-02-05T20:15:15","guid":{"rendered":"https:\/\/gabrielsoman.com\/app\/2025\/02\/05\/poliana-magalhaes-lanca-novo-single-funk-karma-com-solo-de-artur-menezes\/"},"modified":"2025-02-05T17:15:15","modified_gmt":"2025-02-05T20:15:15","slug":"poliana-magalhaes-lanca-novo-single-funk-karma-com-solo-de-artur-menezes","status":"publish","type":"post","link":"https:\/\/gabrielsoman.com\/app\/2025\/02\/05\/poliana-magalhaes-lanca-novo-single-funk-karma-com-solo-de-artur-menezes\/","title":{"rendered":"Poliana Magalh\u00e3es Lan\u00e7a Novo Single \u2018Funk Karma\u2019 com Solo de Artur Menezes"},"content":{"rendered":"<p>A talentosa baixista Poliana Magalh\u00e3es est\u00e1 de volta aos holofotes com o lan\u00e7amento de seu mais novo single intitulado \u2018Funk Karma\u2019. O lan\u00e7amento, que j\u00e1 est\u00e1 dispon\u00edvel nas principais plataformas digitais, traz uma fus\u00e3o vibrante de ritmos que promete conquistar os amantes da m\u00fasica instrumental e do funk. <\/p>\n<p>Poliana, conhecida por sua habilidade excepcional no baixo e por seu carisma no palco, une for\u00e7as com o virtuoso guitarrista Artur Menezes, cujos solos s\u00e3o reconhecidos por sua t\u00e9cnica refinada e intensidade emocional. Neste single, Menezes apresenta um solo envolvente que eleva a faixa, trazendo um novo dinamismo que complementa perfeitamente a linha de baixo pulsante de Poliana.<\/p>\n<p>\u2018Funk Karma\u2019 \u00e9 mais do que uma simples faixa; \u00e9 uma representa\u00e7\u00e3o da evolu\u00e7\u00e3o musical da artista, refletindo seu crescimento e suas influ\u00eancias. A m\u00fasica come\u00e7a com um groove cativante e logo se transforma em uma jornada sonora rica em nuances e improvisos, caracter\u00edsticas marcantes do g\u00eanero funk. Os ouvintes podem esperar uma experi\u00eancia auditiva que \u00e9 ao mesmo tempo sofisticada e acess\u00edvel, mantendo a ess\u00eancia do funk enquanto apresenta elementos de rock e jazz. <\/p>\n<p>Poliana Magalh\u00e3es ainda aproveitou a oportunidade para expressar sua empolga\u00e7\u00e3o com a colabora\u00e7\u00e3o, destacando a import\u00e2ncia da qu\u00edmica entre os m\u00fasicos. &#8216;Trabalhar com Artur foi eletrizante. Ele traz uma energia \u00fanica para a faixa&#8217;, afirmou Poliana.<\/p>\n<p>Os f\u00e3s de Poliana e de Artur definitivamente n\u00e3o querem perder \u2018Funk Karma\u2019. A expectativa \u00e9 alta, e a m\u00fasica tem tudo para se tornar um novo hit na cena musical brasileira.<\/p>\n","protected":false},"excerpt":{"rendered":"<p>A talentosa baixista Poliana Magalh\u00e3es est\u00e1 de volta aos holofotes com o lan\u00e7amento de seu mais novo single intitulado \u2018Funk Karma\u2019. O lan\u00e7amento, que j\u00e1 est\u00e1 dispon\u00edvel nas principais plataformas digitais, traz uma fus\u00e3o vibrante de ritmos que promete conquistar os amantes da m\u00fasica instrumental e do funk. Poliana, conhecida por sua habilidade excepcional no [&hellip;]<\/p>\n","protected":false},"author":2,"featured_media":0,"comment_status":"open","ping_status":"open","sticky":false,"template":"","format":"standard","meta":{"nf_dc_page":"","pagelayer_contact_templates":[],"_pagelayer_content":"","footnotes":""},"categories":[1],"tags":[],"class_list":["post-6278","post","type-post","status-publish","format-standard","hentry","category-uncategorized"],"_links":{"self":[{"href":"https:\/\/gabrielsoman.com\/app\/wp-json\/wp\/v2\/posts\/6278","targetHints":{"allow":["GET"]}}],"collection":[{"href":"https:\/\/gabrielsoman.com\/app\/wp-json\/wp\/v2\/posts"}],"about":[{"href":"https:\/\/gabrielsoman.com\/app\/wp-json\/wp\/v2\/types\/post"}],"author":[{"embeddable":true,"href":"https:\/\/gabrielsoman.com\/app\/wp-json\/wp\/v2\/users\/2"}],"replies":[{"embeddable":true,"href":"https:\/\/gabrielsoman.com\/app\/wp-json\/wp\/v2\/comments?post=6278"}],"version-history":[{"count":0,"href":"https:\/\/gabrielsoman.com\/app\/wp-json\/wp\/v2\/posts\/6278\/revisions"}],"wp:attachment":[{"href":"https:\/\/gabrielsoman.com\/app\/wp-json\/wp\/v2\/media?parent=6278"}],"wp:term":[{"taxonomy":"category","embeddable":true,"href":"https:\/\/gabrielsoman.com\/app\/wp-json\/wp\/v2\/categories?post=6278"},{"taxonomy":"post_tag","embeddable":true,"href":"https:\/\/gabrielsoman.com\/app\/wp-json\/wp\/v2\/tags?post=6278"}],"curies":[{"name":"wp","href":"https:\/\/api.w.org\/{rel}","templated":true}]}}