{"id":6300,"date":"2025-02-06T10:21:32","date_gmt":"2025-02-06T13:21:32","guid":{"rendered":"https:\/\/gabrielsoman.com\/app\/2025\/02\/06\/consequencias-da-desativacao-da-usaid-no-brasil-e-na-america-latina\/"},"modified":"2025-02-06T10:21:32","modified_gmt":"2025-02-06T13:21:32","slug":"consequencias-da-desativacao-da-usaid-no-brasil-e-na-america-latina","status":"publish","type":"post","link":"https:\/\/gabrielsoman.com\/app\/2025\/02\/06\/consequencias-da-desativacao-da-usaid-no-brasil-e-na-america-latina\/","title":{"rendered":"Consequ\u00eancias da Desativa\u00e7\u00e3o da USAID no Brasil e na Am\u00e9rica Latina"},"content":{"rendered":"<p>A desativa\u00e7\u00e3o da USAID (Ag\u00eancia dos Estados Unidos para o Desenvolvimento Internacional) no Brasil e em diversos pa\u00edses da Am\u00e9rica Latina provoca desdobramentos significativos em v\u00e1rias \u00e1reas, incluindo sa\u00fade, educa\u00e7\u00e3o e desenvolvimento econ\u00f4mico. A ag\u00eancia, que desempenhou um papel crucial no financiamento de projetos sociais e na promo\u00e7\u00e3o de iniciativas de desenvolvimento sustent\u00e1vel, est\u00e1 se retirando gradualmente, o que pode comprometer a continuidade de programas que beneficiam milh\u00f5es de pessoas.<\/p>\n<p>Recentemente, a USAID tem concentrado suas atividades em regi\u00f5es onde a necessidade de ajuda humanit\u00e1ria \u00e9 mais urgente, em detrimento de pa\u00edses com economias emergentes como o Brasil. Essa mudan\u00e7a de foco pode resultar em uma falta de investimentos em \u00e1reas cr\u00edticas, como a redu\u00e7\u00e3o da pobreza e o fortalecimento de institui\u00e7\u00f5es democr\u00e1ticas, que foram apoiadas por meio de financiamento americano ao longo das \u00faltimas d\u00e9cadas.<\/p>\n<p>Organiza\u00e7\u00f5es n\u00e3o governamentais e comunidades locais est\u00e3o preocupadas com o vazio que a sa\u00edda da USAID pode deixar. Muitas vezes, essas iniciativas dependem de recursos estrangeiros para realizar projetos que visam melhorar a qualidade de vida e promover a inclus\u00e3o social. A perda desse suporte pode levar ao aumento da desigualdade e \u00e0 precariza\u00e7\u00e3o de servi\u00e7os fundamentais.<\/p>\n<p>Al\u00e9m disso, a desativa\u00e7\u00e3o da USAID pode impactar as rela\u00e7\u00f5es diplom\u00e1ticas entre os Estados Unidos e a Am\u00e9rica Latina. A aus\u00eancia de um envolvimento ativo em quest\u00f5es de desenvolvimento pode ser vista como um desinteresse dos EUA na regi\u00e3o, potencialmente abrindo espa\u00e7o para a influ\u00eancia de outras pot\u00eancias globais.<\/p>\n<p>Portanto, \u00e9 fundamental que os pa\u00edses da Am\u00e9rica Latina busquem alternativas para compensar a sa\u00edda da USAID, promovendo parcerias locais e regionais que possam garantir a continuidade dos avan\u00e7os conquistados ao longo dos anos.<\/p>\n","protected":false},"excerpt":{"rendered":"<p>A desativa\u00e7\u00e3o da USAID (Ag\u00eancia dos Estados Unidos para o Desenvolvimento Internacional) no Brasil e em diversos pa\u00edses da Am\u00e9rica Latina provoca desdobramentos significativos em v\u00e1rias \u00e1reas, incluindo sa\u00fade, educa\u00e7\u00e3o e desenvolvimento econ\u00f4mico. A ag\u00eancia, que desempenhou um papel crucial no financiamento de projetos sociais e na promo\u00e7\u00e3o de iniciativas de desenvolvimento sustent\u00e1vel, est\u00e1 se [&hellip;]<\/p>\n","protected":false},"author":2,"featured_media":0,"comment_status":"open","ping_status":"open","sticky":false,"template":"","format":"standard","meta":{"nf_dc_page":"","pagelayer_contact_templates":[],"_pagelayer_content":"","footnotes":""},"categories":[1],"tags":[],"class_list":["post-6300","post","type-post","status-publish","format-standard","hentry","category-uncategorized"],"_links":{"self":[{"href":"https:\/\/gabrielsoman.com\/app\/wp-json\/wp\/v2\/posts\/6300","targetHints":{"allow":["GET"]}}],"collection":[{"href":"https:\/\/gabrielsoman.com\/app\/wp-json\/wp\/v2\/posts"}],"about":[{"href":"https:\/\/gabrielsoman.com\/app\/wp-json\/wp\/v2\/types\/post"}],"author":[{"embeddable":true,"href":"https:\/\/gabrielsoman.com\/app\/wp-json\/wp\/v2\/users\/2"}],"replies":[{"embeddable":true,"href":"https:\/\/gabrielsoman.com\/app\/wp-json\/wp\/v2\/comments?post=6300"}],"version-history":[{"count":0,"href":"https:\/\/gabrielsoman.com\/app\/wp-json\/wp\/v2\/posts\/6300\/revisions"}],"wp:attachment":[{"href":"https:\/\/gabrielsoman.com\/app\/wp-json\/wp\/v2\/media?parent=6300"}],"wp:term":[{"taxonomy":"category","embeddable":true,"href":"https:\/\/gabrielsoman.com\/app\/wp-json\/wp\/v2\/categories?post=6300"},{"taxonomy":"post_tag","embeddable":true,"href":"https:\/\/gabrielsoman.com\/app\/wp-json\/wp\/v2\/tags?post=6300"}],"curies":[{"name":"wp","href":"https:\/\/api.w.org\/{rel}","templated":true}]}}