{"id":6309,"date":"2025-02-06T10:25:26","date_gmt":"2025-02-06T13:25:26","guid":{"rendered":"https:\/\/gabrielsoman.com\/app\/2025\/02\/06\/cop30-e-as-novas-perspectivas-para-o-esg-no-brasil\/"},"modified":"2025-02-06T10:25:26","modified_gmt":"2025-02-06T13:25:26","slug":"cop30-e-as-novas-perspectivas-para-o-esg-no-brasil","status":"publish","type":"post","link":"https:\/\/gabrielsoman.com\/app\/2025\/02\/06\/cop30-e-as-novas-perspectivas-para-o-esg-no-brasil\/","title":{"rendered":"COP30 e as Novas Perspectivas para o ESG no Brasil"},"content":{"rendered":"<p>A COP30, que ocorrer\u00e1 no Brasil, representa uma oportunidade \u00edmpar para o pa\u00eds destacar sua agenda ambiental e os princ\u00edpios do ESG (Environment, Social and Governance). Com as crescentes exig\u00eancias globais por pr\u00e1ticas sustent\u00e1veis, o Brasil se v\u00ea diante de um cen\u00e1rio desafiador, por\u00e9m promissor. As discuss\u00f5es em torno da COP30 n\u00e3o apenas colocam o Brasil no centro do debate clim\u00e1tico, mas tamb\u00e9m evidenciam a import\u00e2ncia da integra\u00e7\u00e3o dos princ\u00edpios ESG nas opera\u00e7\u00f5es das empresas brasileiras.<\/p>\n<p>As pr\u00e1ticas de ESG est\u00e3o se tornando cada vez mais fundamentais para atrair investimentos e garantir a competitividade no mercado internacional. O evento poder\u00e1 impulsionar iniciativas que promovem a transpar\u00eancia corporativa, a responsabilidade social e a governan\u00e7a efetiva. No entanto, os desafios s\u00e3o m\u00faltiplos, incluindo a necessidade de reformas estruturais e a supera\u00e7\u00e3o de resist\u00eancias de setores que ainda n\u00e3o adotaram integralmente essas pr\u00e1ticas.<\/p>\n<p>Entre as oportunidades que a COP30 pode gerar, destaca-se a possibilidade de fomentar parcerias entre o setor p\u00fablico e privado, incentivando a inova\u00e7\u00e3o em tecnologias verdes e a ado\u00e7\u00e3o de pr\u00e1ticas empresariais sustent\u00e1veis. A press\u00e3o internacional por um Brasil mais comprometido com a sustentabilidade pode acelerar avan\u00e7os significativos na legisla\u00e7\u00e3o ambiental e nas pol\u00edticas de incentivo a investimentos sustent\u00e1veis.<\/p>\n<p>Al\u00e9m disso, a expectativa \u00e9 que a COP30 sirva como uma plataforma para mobilizar a sociedade civil, promovendo o engajamento da popula\u00e7\u00e3o em torno da sustentabilidade. Com isso, h\u00e1 um potencial significativo para que o Brasil n\u00e3o apenas atenda \u00e0s demandas externas, mas tamb\u00e9m desenvolva um modelo de crescimento socioecon\u00f4mico que respeite o meio ambiente e beneficie a todos os segmentos da sociedade. Em resumo, a COP30 pode ser um catalisador para a evolu\u00e7\u00e3o do ESG no Brasil, marcando um novo cap\u00edtulo na trajet\u00f3ria rumo \u00e0 sustentabilidade.<\/p>\n","protected":false},"excerpt":{"rendered":"<p>A COP30, que ocorrer\u00e1 no Brasil, representa uma oportunidade \u00edmpar para o pa\u00eds destacar sua agenda ambiental e os princ\u00edpios do ESG (Environment, Social and Governance). Com as crescentes exig\u00eancias globais por pr\u00e1ticas sustent\u00e1veis, o Brasil se v\u00ea diante de um cen\u00e1rio desafiador, por\u00e9m promissor. As discuss\u00f5es em torno da COP30 n\u00e3o apenas colocam o [&hellip;]<\/p>\n","protected":false},"author":2,"featured_media":0,"comment_status":"open","ping_status":"open","sticky":false,"template":"","format":"standard","meta":{"nf_dc_page":"","pagelayer_contact_templates":[],"_pagelayer_content":"","footnotes":""},"categories":[1],"tags":[],"class_list":["post-6309","post","type-post","status-publish","format-standard","hentry","category-uncategorized"],"_links":{"self":[{"href":"https:\/\/gabrielsoman.com\/app\/wp-json\/wp\/v2\/posts\/6309","targetHints":{"allow":["GET"]}}],"collection":[{"href":"https:\/\/gabrielsoman.com\/app\/wp-json\/wp\/v2\/posts"}],"about":[{"href":"https:\/\/gabrielsoman.com\/app\/wp-json\/wp\/v2\/types\/post"}],"author":[{"embeddable":true,"href":"https:\/\/gabrielsoman.com\/app\/wp-json\/wp\/v2\/users\/2"}],"replies":[{"embeddable":true,"href":"https:\/\/gabrielsoman.com\/app\/wp-json\/wp\/v2\/comments?post=6309"}],"version-history":[{"count":0,"href":"https:\/\/gabrielsoman.com\/app\/wp-json\/wp\/v2\/posts\/6309\/revisions"}],"wp:attachment":[{"href":"https:\/\/gabrielsoman.com\/app\/wp-json\/wp\/v2\/media?parent=6309"}],"wp:term":[{"taxonomy":"category","embeddable":true,"href":"https:\/\/gabrielsoman.com\/app\/wp-json\/wp\/v2\/categories?post=6309"},{"taxonomy":"post_tag","embeddable":true,"href":"https:\/\/gabrielsoman.com\/app\/wp-json\/wp\/v2\/tags?post=6309"}],"curies":[{"name":"wp","href":"https:\/\/api.w.org\/{rel}","templated":true}]}}