{"id":6312,"date":"2025-02-06T10:30:23","date_gmt":"2025-02-06T13:30:23","guid":{"rendered":"https:\/\/gabrielsoman.com\/app\/2025\/02\/06\/israel-anuncia-retirada-do-conselho-de-direitos-humanos-da-onu\/"},"modified":"2025-02-06T10:30:23","modified_gmt":"2025-02-06T13:30:23","slug":"israel-anuncia-retirada-do-conselho-de-direitos-humanos-da-onu","status":"publish","type":"post","link":"https:\/\/gabrielsoman.com\/app\/2025\/02\/06\/israel-anuncia-retirada-do-conselho-de-direitos-humanos-da-onu\/","title":{"rendered":"Israel Anuncia Retirada do Conselho de Direitos Humanos da ONU"},"content":{"rendered":"<p>O governo de Israel decidiu se retirar do Conselho de Direitos Humanos da ONU, alegando que a organiza\u00e7\u00e3o tem um vi\u00e9s anti-Israel e n\u00e3o cumpre seu papel de promover a justi\u00e7a global. A decis\u00e3o foi anunciada em meio a crescentes tens\u00f5es entre Israel e a comunidade internacional, devido a cr\u00edticas sobre suas pr\u00e1ticas em rela\u00e7\u00e3o aos direitos humanos, especialmente em rela\u00e7\u00e3o aos palestinos.<\/p>\n<p>O primeiro-ministro israelense, durante a declara\u00e7\u00e3o, destacou que o Conselho, desde sua cria\u00e7\u00e3o em 2006, tem sido uma plataforma para atacar Israel em vez de proteger os direitos fundamentais das pessoas. Ele enfatizou que a retirada \u00e9 uma demonstra\u00e7\u00e3o de que Israel n\u00e3o tolerar\u00e1 mais o que considera injusti\u00e7a e discrimina\u00e7\u00e3o.<\/p>\n<p>Essa decis\u00e3o segue uma s\u00e9rie de cr\u00edticas que Israel tem enfrentado por supostas viola\u00e7\u00f5es de direitos humanos em seu conflito com os palestinos, especialmente em Gaza e na Cisjord\u00e2nia. O governo israelense argumenta que essas alega\u00e7\u00f5es s\u00e3o frequentemente baseadas em informa\u00e7\u00f5es err\u00f4neas e tendenciosas.<\/p>\n<p>Al\u00e9m disso, o prim\u00e1rio tamb\u00e9m mencionou que o pa\u00eds continuar\u00e1 a promover os direitos humanos em outros f\u00f3runs e que seu compromisso com a democracia e os direitos individuais permanece firme.<\/p>\n<p>A rea\u00e7\u00e3o \u00e0 sa\u00edda de Israel do Conselho foi mista. Enquanto alguns aliados apoiaram a decis\u00e3o, cr\u00edticos expressaram preocupa\u00e7\u00e3o de que isso poderia diminuir a press\u00e3o sobre Israel para melhorar a situa\u00e7\u00e3o dos direitos humanos em seus territ\u00f3rios ocupados. A situa\u00e7\u00e3o continua a evoluir, refletindo a complexidade das rela\u00e7\u00f5es entre Israel, a ONU e os direitos humanos na regi\u00e3o. A retirada de Israel \u00e9 vista como mais um passo nas tens\u00f5es j\u00e1 existentes, levantando quest\u00f5es sobre a efic\u00e1cia do Conselho e seu papel na media\u00e7\u00e3o de conflitos internacionais.<\/p>\n","protected":false},"excerpt":{"rendered":"<p>O governo de Israel decidiu se retirar do Conselho de Direitos Humanos da ONU, alegando que a organiza\u00e7\u00e3o tem um vi\u00e9s anti-Israel e n\u00e3o cumpre seu papel de promover a justi\u00e7a global. A decis\u00e3o foi anunciada em meio a crescentes tens\u00f5es entre Israel e a comunidade internacional, devido a cr\u00edticas sobre suas pr\u00e1ticas em rela\u00e7\u00e3o [&hellip;]<\/p>\n","protected":false},"author":2,"featured_media":0,"comment_status":"open","ping_status":"open","sticky":false,"template":"","format":"standard","meta":{"nf_dc_page":"","pagelayer_contact_templates":[],"_pagelayer_content":"","footnotes":""},"categories":[1],"tags":[],"class_list":["post-6312","post","type-post","status-publish","format-standard","hentry","category-uncategorized"],"_links":{"self":[{"href":"https:\/\/gabrielsoman.com\/app\/wp-json\/wp\/v2\/posts\/6312","targetHints":{"allow":["GET"]}}],"collection":[{"href":"https:\/\/gabrielsoman.com\/app\/wp-json\/wp\/v2\/posts"}],"about":[{"href":"https:\/\/gabrielsoman.com\/app\/wp-json\/wp\/v2\/types\/post"}],"author":[{"embeddable":true,"href":"https:\/\/gabrielsoman.com\/app\/wp-json\/wp\/v2\/users\/2"}],"replies":[{"embeddable":true,"href":"https:\/\/gabrielsoman.com\/app\/wp-json\/wp\/v2\/comments?post=6312"}],"version-history":[{"count":0,"href":"https:\/\/gabrielsoman.com\/app\/wp-json\/wp\/v2\/posts\/6312\/revisions"}],"wp:attachment":[{"href":"https:\/\/gabrielsoman.com\/app\/wp-json\/wp\/v2\/media?parent=6312"}],"wp:term":[{"taxonomy":"category","embeddable":true,"href":"https:\/\/gabrielsoman.com\/app\/wp-json\/wp\/v2\/categories?post=6312"},{"taxonomy":"post_tag","embeddable":true,"href":"https:\/\/gabrielsoman.com\/app\/wp-json\/wp\/v2\/tags?post=6312"}],"curies":[{"name":"wp","href":"https:\/\/api.w.org\/{rel}","templated":true}]}}