{"id":6315,"date":"2025-02-06T10:57:07","date_gmt":"2025-02-06T13:57:07","guid":{"rendered":"https:\/\/gabrielsoman.com\/app\/2025\/02\/06\/efeitos-da-desativacao-da-usaid-nas-iniciativas-brasileiras-e-latino-americanas\/"},"modified":"2025-02-06T10:57:07","modified_gmt":"2025-02-06T13:57:07","slug":"efeitos-da-desativacao-da-usaid-nas-iniciativas-brasileiras-e-latino-americanas","status":"publish","type":"post","link":"https:\/\/gabrielsoman.com\/app\/2025\/02\/06\/efeitos-da-desativacao-da-usaid-nas-iniciativas-brasileiras-e-latino-americanas\/","title":{"rendered":"Efeitos da Desativa\u00e7\u00e3o da USAID nas Iniciativas Brasileiras e Latino-Americanas"},"content":{"rendered":"<p>A desativa\u00e7\u00e3o da USAID (Ag\u00eancia dos EUA para o Desenvolvimento Internacional) no Brasil e em v\u00e1rias na\u00e7\u00f5es da Am\u00e9rica Latina representa um desvio significativo nas pol\u00edticas de assist\u00eancia internacional. Este movimento, motivado por uma reavalia\u00e7\u00e3o estrat\u00e9gica do governo dos Estados Unidos, impacta diretamente uma s\u00e9rie de iniciativas de desenvolvimento que t\u00eam sido sustentadas ao longo dos anos por esse \u00f3rg\u00e3o. <\/p>\n<p>Por um lado, a presen\u00e7a da USAID tem contribu\u00eddo com recursos financeiros e expertise t\u00e9cnica em \u00e1reas como sa\u00fade, educa\u00e7\u00e3o, meio ambiente e desenvolvimento econ\u00f4mico. A retirada desses programas pode resultar em um v\u00e1cuo de financiamento, al\u00e9m de comprometer avan\u00e7os j\u00e1 conquistados em \u00e1reas cr\u00edticas, como a redu\u00e7\u00e3o da pobreza e a melhoria da sa\u00fade p\u00fablica. Organiza\u00e7\u00f5es n\u00e3o governamentais (ONGs) e outros parceiros locais frequentemente dependem desses fundos para implementar projetos essenciais, e a sua aus\u00eancia pode levar ao desmantelamento de iniciativas valiosas.  <\/p>\n<p>Ainda mais preocupante \u00e9 a possibilidade de que a desativa\u00e7\u00e3o da USAID possa agravar problem\u00e1ticas sociais e econ\u00f4micas em contextos j\u00e1 vulner\u00e1veis, onde a assist\u00eancia internacional \u00e9 vital. Grupos de direitos humanos e ambientalistas temem que a falta de apoio leve a um retrocesso em pol\u00edticas p\u00fablicas que visam proteger popula\u00e7\u00f5es marginalizadas e o meio ambiente. <\/p>\n<p>Por fim, a aus\u00eancia da USAID pode tamb\u00e9m refletir mudan\u00e7as nas din\u00e2micas geopol\u00edticas, com a China e outras pot\u00eancias emergentes aumentando sua influ\u00eancia na regi\u00e3o atrav\u00e9s de investimentos e parcerias. Portanto, a decis\u00e3o de desativar a USAID n\u00e3o apenas ressoa nas esferas de desenvolvimento local, mas tamb\u00e9m nos contextos pol\u00edtico e econ\u00f4mico mais amplos da Am\u00e9rica Latina.<\/p>\n","protected":false},"excerpt":{"rendered":"<p>A desativa\u00e7\u00e3o da USAID (Ag\u00eancia dos EUA para o Desenvolvimento Internacional) no Brasil e em v\u00e1rias na\u00e7\u00f5es da Am\u00e9rica Latina representa um desvio significativo nas pol\u00edticas de assist\u00eancia internacional. Este movimento, motivado por uma reavalia\u00e7\u00e3o estrat\u00e9gica do governo dos Estados Unidos, impacta diretamente uma s\u00e9rie de iniciativas de desenvolvimento que t\u00eam sido sustentadas ao longo [&hellip;]<\/p>\n","protected":false},"author":2,"featured_media":0,"comment_status":"open","ping_status":"open","sticky":false,"template":"","format":"standard","meta":{"nf_dc_page":"","pagelayer_contact_templates":[],"_pagelayer_content":"","footnotes":""},"categories":[1],"tags":[],"class_list":["post-6315","post","type-post","status-publish","format-standard","hentry","category-uncategorized"],"_links":{"self":[{"href":"https:\/\/gabrielsoman.com\/app\/wp-json\/wp\/v2\/posts\/6315","targetHints":{"allow":["GET"]}}],"collection":[{"href":"https:\/\/gabrielsoman.com\/app\/wp-json\/wp\/v2\/posts"}],"about":[{"href":"https:\/\/gabrielsoman.com\/app\/wp-json\/wp\/v2\/types\/post"}],"author":[{"embeddable":true,"href":"https:\/\/gabrielsoman.com\/app\/wp-json\/wp\/v2\/users\/2"}],"replies":[{"embeddable":true,"href":"https:\/\/gabrielsoman.com\/app\/wp-json\/wp\/v2\/comments?post=6315"}],"version-history":[{"count":0,"href":"https:\/\/gabrielsoman.com\/app\/wp-json\/wp\/v2\/posts\/6315\/revisions"}],"wp:attachment":[{"href":"https:\/\/gabrielsoman.com\/app\/wp-json\/wp\/v2\/media?parent=6315"}],"wp:term":[{"taxonomy":"category","embeddable":true,"href":"https:\/\/gabrielsoman.com\/app\/wp-json\/wp\/v2\/categories?post=6315"},{"taxonomy":"post_tag","embeddable":true,"href":"https:\/\/gabrielsoman.com\/app\/wp-json\/wp\/v2\/tags?post=6315"}],"curies":[{"name":"wp","href":"https:\/\/api.w.org\/{rel}","templated":true}]}}