{"id":6318,"date":"2025-02-06T10:57:57","date_gmt":"2025-02-06T13:57:57","guid":{"rendered":"https:\/\/gabrielsoman.com\/app\/2025\/02\/06\/impactos-da-desativacao-da-usaid-no-brasil-e-america-latina\/"},"modified":"2025-02-06T10:57:57","modified_gmt":"2025-02-06T13:57:57","slug":"impactos-da-desativacao-da-usaid-no-brasil-e-america-latina","status":"publish","type":"post","link":"https:\/\/gabrielsoman.com\/app\/2025\/02\/06\/impactos-da-desativacao-da-usaid-no-brasil-e-america-latina\/","title":{"rendered":"Impactos da Desativa\u00e7\u00e3o da USAID no Brasil e Am\u00e9rica Latina"},"content":{"rendered":"<p>A recente desativa\u00e7\u00e3o da USAID (Ag\u00eancia dos Estados Unidos para o Desenvolvimento Internacional) teve um impacto significativo nas a\u00e7\u00f5es de desenvolvimento no Brasil e na Am\u00e9rica Latina. Essa mudan\u00e7a reflete uma nova estrat\u00e9gia de ajuda externa dos Estados Unidos, que pode afetar projetos e programas que t\u00eam apoio institucional e financeiro crucial da ag\u00eancia. <\/p>\n<p>Historicamente, a USAID desempenhou um papel vital na implementa\u00e7\u00e3o de iniciativas que promoviam a sa\u00fade, educa\u00e7\u00e3o e desenvolvimento sustent\u00e1vel na regi\u00e3o. Com a sua sa\u00edda, diversas organiza\u00e7\u00f5es n\u00e3o governamentais (ONGs) e comunidades locais est\u00e3o enfrentando desafios consider\u00e1veis ao tentar manter os servi\u00e7os essenciais que antes contavam com esse suporte.<\/p>\n<p>Um dos setores mais afetados \u00e9 o da sa\u00fade p\u00fablica. Projetos focados em controle de doen\u00e7as, acesso a vacinas e melhoria das condi\u00e7\u00f5es sanit\u00e1rias podem sofrer interrup\u00e7\u00f5es. Al\u00e9m disso, programas voltados para a igualdade de g\u00eanero e combate \u00e0 pobreza, que dependiam de financiamento da USAID, est\u00e3o em estado de incerteza. <\/p>\n<p>A desativa\u00e7\u00e3o da USAID tamb\u00e9m pode ter repercuss\u00f5es pol\u00edticas, uma vez que o apoio a iniciativas democr\u00e1ticas e de governan\u00e7a inclusiva pode ser comprometido. Pa\u00edses da Am\u00e9rica Latina t\u00eam enfrentado desafios pol\u00edticos significativos, e a sa\u00edda da ag\u00eancia pode significar uma diminui\u00e7\u00e3o de apoio em esfor\u00e7os de fortalecimento institucional. <\/p>\n<p>Contudo, essa situa\u00e7\u00e3o tamb\u00e9m abre espa\u00e7o para que novos modelos de colabora\u00e7\u00e3o internacional e novas parcerias sejam desenvolvidos. Organiza\u00e7\u00f5es locais e regionais podem assumir pap\u00e9is mais proativos na busca por solu\u00e7\u00f5es sustent\u00e1veis, adaptando-se aos novos contextos socioecon\u00f4micos. Portanto, enquanto os desafios s\u00e3o claros, tamb\u00e9m h\u00e1 oportunidades de inova\u00e7\u00e3o e resili\u00eancia na resposta a esta mudan\u00e7a significativa.<\/p>\n","protected":false},"excerpt":{"rendered":"<p>A recente desativa\u00e7\u00e3o da USAID (Ag\u00eancia dos Estados Unidos para o Desenvolvimento Internacional) teve um impacto significativo nas a\u00e7\u00f5es de desenvolvimento no Brasil e na Am\u00e9rica Latina. Essa mudan\u00e7a reflete uma nova estrat\u00e9gia de ajuda externa dos Estados Unidos, que pode afetar projetos e programas que t\u00eam apoio institucional e financeiro crucial da ag\u00eancia. Historicamente, [&hellip;]<\/p>\n","protected":false},"author":2,"featured_media":0,"comment_status":"open","ping_status":"open","sticky":false,"template":"","format":"standard","meta":{"nf_dc_page":"","pagelayer_contact_templates":[],"_pagelayer_content":"","footnotes":""},"categories":[1],"tags":[],"class_list":["post-6318","post","type-post","status-publish","format-standard","hentry","category-uncategorized"],"_links":{"self":[{"href":"https:\/\/gabrielsoman.com\/app\/wp-json\/wp\/v2\/posts\/6318","targetHints":{"allow":["GET"]}}],"collection":[{"href":"https:\/\/gabrielsoman.com\/app\/wp-json\/wp\/v2\/posts"}],"about":[{"href":"https:\/\/gabrielsoman.com\/app\/wp-json\/wp\/v2\/types\/post"}],"author":[{"embeddable":true,"href":"https:\/\/gabrielsoman.com\/app\/wp-json\/wp\/v2\/users\/2"}],"replies":[{"embeddable":true,"href":"https:\/\/gabrielsoman.com\/app\/wp-json\/wp\/v2\/comments?post=6318"}],"version-history":[{"count":0,"href":"https:\/\/gabrielsoman.com\/app\/wp-json\/wp\/v2\/posts\/6318\/revisions"}],"wp:attachment":[{"href":"https:\/\/gabrielsoman.com\/app\/wp-json\/wp\/v2\/media?parent=6318"}],"wp:term":[{"taxonomy":"category","embeddable":true,"href":"https:\/\/gabrielsoman.com\/app\/wp-json\/wp\/v2\/categories?post=6318"},{"taxonomy":"post_tag","embeddable":true,"href":"https:\/\/gabrielsoman.com\/app\/wp-json\/wp\/v2\/tags?post=6318"}],"curies":[{"name":"wp","href":"https:\/\/api.w.org\/{rel}","templated":true}]}}