{"id":6319,"date":"2025-02-06T10:57:58","date_gmt":"2025-02-06T13:57:58","guid":{"rendered":"https:\/\/gabrielsoman.com\/app\/2025\/02\/06\/o-novo-design-do-relogio-do-juizo-final-um-alerta-reimaginado\/"},"modified":"2025-02-06T10:57:58","modified_gmt":"2025-02-06T13:57:58","slug":"o-novo-design-do-relogio-do-juizo-final-um-alerta-reimaginado","status":"publish","type":"post","link":"https:\/\/gabrielsoman.com\/app\/2025\/02\/06\/o-novo-design-do-relogio-do-juizo-final-um-alerta-reimaginado\/","title":{"rendered":"O Novo Design do Rel\u00f3gio do Ju\u00edzo Final: Um Alerta Reimaginado"},"content":{"rendered":"<p>Recentemente, o Rel\u00f3gio do Ju\u00edzo Final, uma representa\u00e7\u00e3o simb\u00f3lica do risco de extin\u00e7\u00e3o da humanidade, recebeu uma atualiza\u00e7\u00e3o em seu design que reflete melhor a urg\u00eancia de sua mensagem. Criado pela Associa\u00e7\u00e3o do Cientistas At\u00f4micos em 1947, o rel\u00f3gio serve como um alerta sobre as amea\u00e7as globais, como guerras nucleares e mudan\u00e7as clim\u00e1ticas, que podem colocar o futuro da vida na Terra em perigo. <\/p>\n<p>O novo design veio como uma resposta \u00e0 necessidade de tornar a informa\u00e7\u00e3o mais acess\u00edvel e visualmente impactante. Em vez de uma representa\u00e7\u00e3o est\u00e1tica, o novo Rel\u00f3gio do Ju\u00edzo Final possui um aspecto mais moderno, que chama a aten\u00e7\u00e3o do p\u00fablico e enfatiza a seriedade do que representa. Agora mais do que nunca, a apar\u00eancia do rel\u00f3gio reflete a gravidade dos problemas que enfrentamos. <\/p>\n<p>Os designers se propuseram a criar uma narrativa visual que n\u00e3o apenas informa, mas tamb\u00e9m provoca reflex\u00e3o e a\u00e7\u00e3o. Elementos visuais din\u00e2micos juntamente com cores impactantes foram escolhidos para comunicar a ideia de que o tempo est\u00e1 se esgotando e que as decis\u00f5es que tomamos hoje t\u00eam um impacto direto no futuro. Essa mudan\u00e7a \u00e9 crucial em tempos em que a conscientiza\u00e7\u00e3o sobre quest\u00f5es ambientais e de seguran\u00e7a global \u00e9 mais importante do que nunca. <\/p>\n<p>Com a nova identidade visual, espera-se que o Rel\u00f3gio do Ju\u00edzo Final n\u00e3o apenas se torne um \u00edcone de design, mas tamb\u00e9m um s\u00edmbolo de compromisso com um futuro sustent\u00e1vel. Atrav\u00e9s desse esfor\u00e7o, a Associa\u00e7\u00e3o do Cientistas At\u00f4micos espera engajar uma nova gera\u00e7\u00e3o em di\u00e1logos e a\u00e7\u00f5es em prol da preserva\u00e7\u00e3o da vida no planeta.<\/p>\n","protected":false},"excerpt":{"rendered":"<p>Recentemente, o Rel\u00f3gio do Ju\u00edzo Final, uma representa\u00e7\u00e3o simb\u00f3lica do risco de extin\u00e7\u00e3o da humanidade, recebeu uma atualiza\u00e7\u00e3o em seu design que reflete melhor a urg\u00eancia de sua mensagem. Criado pela Associa\u00e7\u00e3o do Cientistas At\u00f4micos em 1947, o rel\u00f3gio serve como um alerta sobre as amea\u00e7as globais, como guerras nucleares e mudan\u00e7as clim\u00e1ticas, que podem [&hellip;]<\/p>\n","protected":false},"author":2,"featured_media":0,"comment_status":"open","ping_status":"open","sticky":false,"template":"","format":"standard","meta":{"nf_dc_page":"","pagelayer_contact_templates":[],"_pagelayer_content":"","footnotes":""},"categories":[1],"tags":[],"class_list":["post-6319","post","type-post","status-publish","format-standard","hentry","category-uncategorized"],"_links":{"self":[{"href":"https:\/\/gabrielsoman.com\/app\/wp-json\/wp\/v2\/posts\/6319","targetHints":{"allow":["GET"]}}],"collection":[{"href":"https:\/\/gabrielsoman.com\/app\/wp-json\/wp\/v2\/posts"}],"about":[{"href":"https:\/\/gabrielsoman.com\/app\/wp-json\/wp\/v2\/types\/post"}],"author":[{"embeddable":true,"href":"https:\/\/gabrielsoman.com\/app\/wp-json\/wp\/v2\/users\/2"}],"replies":[{"embeddable":true,"href":"https:\/\/gabrielsoman.com\/app\/wp-json\/wp\/v2\/comments?post=6319"}],"version-history":[{"count":0,"href":"https:\/\/gabrielsoman.com\/app\/wp-json\/wp\/v2\/posts\/6319\/revisions"}],"wp:attachment":[{"href":"https:\/\/gabrielsoman.com\/app\/wp-json\/wp\/v2\/media?parent=6319"}],"wp:term":[{"taxonomy":"category","embeddable":true,"href":"https:\/\/gabrielsoman.com\/app\/wp-json\/wp\/v2\/categories?post=6319"},{"taxonomy":"post_tag","embeddable":true,"href":"https:\/\/gabrielsoman.com\/app\/wp-json\/wp\/v2\/tags?post=6319"}],"curies":[{"name":"wp","href":"https:\/\/api.w.org\/{rel}","templated":true}]}}