{"id":6333,"date":"2025-02-14T01:47:56","date_gmt":"2025-02-14T04:47:56","guid":{"rendered":"https:\/\/gabrielsoman.com\/app\/2025\/02\/14\/ong-gerando-falcoes-oferece-curso-para-criadores-de-conteudo-de-favelas-e-periferias\/"},"modified":"2025-02-14T01:47:56","modified_gmt":"2025-02-14T04:47:56","slug":"ong-gerando-falcoes-oferece-curso-para-criadores-de-conteudo-de-favelas-e-periferias","status":"publish","type":"post","link":"https:\/\/gabrielsoman.com\/app\/2025\/02\/14\/ong-gerando-falcoes-oferece-curso-para-criadores-de-conteudo-de-favelas-e-periferias\/","title":{"rendered":"ONG Gerando Falc\u00f5es oferece curso para criadores de conte\u00fado de favelas e periferias"},"content":{"rendered":"<p>A ONG Gerando Falc\u00f5es, conhecida por seu trabalho em prol do desenvolvimento social nas favelas e periferias do Brasil, acaba de abrir inscri\u00e7\u00f5es para um novo programa de forma\u00e7\u00e3o destinado a criadores de conte\u00fado. O objetivo dessa iniciativa \u00e9 capacitar jovens talentos dessas comunidades, permitindo que eles aprimorem suas habilidades e se tornem protagonistas na cria\u00e7\u00e3o de narrativas que representem suas realidades.<\/p>\n<p>A forma\u00e7\u00e3o ser\u00e1 realizada em formato online, abrangendo diversas \u00e1reas como fotografia, v\u00eddeo, escrita criativa e produ\u00e7\u00e3o de conte\u00fado para redes sociais. A ONG busca, assim, equipar os participantes com ferramentas para que possam contar suas hist\u00f3rias e as de suas comunidades de maneira aut\u00eantica e impactante. Al\u00e9m de aprender habilidades t\u00e9cnicas, os inscritos tamb\u00e9m ter\u00e3o a oportunidade de discutir temas como desigualdade social, identidade cultural e empreendedorismo.<\/p>\n<p>O curso ter\u00e1 dura\u00e7\u00e3o de quatro meses, com encontros semanais em plataformas digitais e contar\u00e1 com a participa\u00e7\u00e3o de profissionais renomados do mercado que atuar\u00e3o como mentores. Essas experi\u00eancias pr\u00e1ticas visam n\u00e3o apenas a capacita\u00e7\u00e3o, mas tamb\u00e9m a constru\u00e7\u00e3o de um networking entre os participantes e os especialistas da \u00e1rea.<\/p>\n<p>A Gerando Falc\u00f5es acredita que, ao empoderar esses jovens, estar\u00e1 contribuindo para uma representa\u00e7\u00e3o mais justa e plural das favelas e periferias, desafiando estere\u00f3tipos e promovendo mudan\u00e7as sociais significativas. Para se inscrever, os interessados devem acessar o site da ONG e preencher um formul\u00e1rio at\u00e9 a data limite estipulada. Essa \u00e9 uma oportunidade \u00fanica para aqueles que desejam transformar suas realidades e impactar positivamente suas comunidades por meio da cria\u00e7\u00e3o de conte\u00fado.<\/p>\n","protected":false},"excerpt":{"rendered":"<p>A ONG Gerando Falc\u00f5es, conhecida por seu trabalho em prol do desenvolvimento social nas favelas e periferias do Brasil, acaba de abrir inscri\u00e7\u00f5es para um novo programa de forma\u00e7\u00e3o destinado a criadores de conte\u00fado. O objetivo dessa iniciativa \u00e9 capacitar jovens talentos dessas comunidades, permitindo que eles aprimorem suas habilidades e se tornem protagonistas na [&hellip;]<\/p>\n","protected":false},"author":2,"featured_media":0,"comment_status":"open","ping_status":"open","sticky":false,"template":"","format":"standard","meta":{"nf_dc_page":"","pagelayer_contact_templates":[],"_pagelayer_content":"","footnotes":""},"categories":[1],"tags":[],"class_list":["post-6333","post","type-post","status-publish","format-standard","hentry","category-uncategorized"],"_links":{"self":[{"href":"https:\/\/gabrielsoman.com\/app\/wp-json\/wp\/v2\/posts\/6333","targetHints":{"allow":["GET"]}}],"collection":[{"href":"https:\/\/gabrielsoman.com\/app\/wp-json\/wp\/v2\/posts"}],"about":[{"href":"https:\/\/gabrielsoman.com\/app\/wp-json\/wp\/v2\/types\/post"}],"author":[{"embeddable":true,"href":"https:\/\/gabrielsoman.com\/app\/wp-json\/wp\/v2\/users\/2"}],"replies":[{"embeddable":true,"href":"https:\/\/gabrielsoman.com\/app\/wp-json\/wp\/v2\/comments?post=6333"}],"version-history":[{"count":0,"href":"https:\/\/gabrielsoman.com\/app\/wp-json\/wp\/v2\/posts\/6333\/revisions"}],"wp:attachment":[{"href":"https:\/\/gabrielsoman.com\/app\/wp-json\/wp\/v2\/media?parent=6333"}],"wp:term":[{"taxonomy":"category","embeddable":true,"href":"https:\/\/gabrielsoman.com\/app\/wp-json\/wp\/v2\/categories?post=6333"},{"taxonomy":"post_tag","embeddable":true,"href":"https:\/\/gabrielsoman.com\/app\/wp-json\/wp\/v2\/tags?post=6333"}],"curies":[{"name":"wp","href":"https:\/\/api.w.org\/{rel}","templated":true}]}}