{"id":6334,"date":"2025-02-14T01:47:58","date_gmt":"2025-02-14T04:47:58","guid":{"rendered":"https:\/\/gabrielsoman.com\/app\/2025\/02\/14\/entenda-por-que-ver-seu-reflexo-no-zoom-pode-ser-cansativo\/"},"modified":"2025-02-14T01:47:58","modified_gmt":"2025-02-14T04:47:58","slug":"entenda-por-que-ver-seu-reflexo-no-zoom-pode-ser-cansativo","status":"publish","type":"post","link":"https:\/\/gabrielsoman.com\/app\/2025\/02\/14\/entenda-por-que-ver-seu-reflexo-no-zoom-pode-ser-cansativo\/","title":{"rendered":"Entenda Por Que Ver Seu Reflexo no Zoom Pode Ser Cansativo"},"content":{"rendered":"<p>Com a ascens\u00e3o do trabalho remoto e reuni\u00f5es virtuais, muitos t\u00eam enfrentado a chamada &#8220;fadiga do Zoom&#8221;. Um dos fatores que contribuem para essa sensa\u00e7\u00e3o de cansa\u00e7o \u00e9 o inc\u00f4modo de ver constantemente o pr\u00f3prio rosto na tela. Essa pr\u00e1tica, comum em chamadas de v\u00eddeo, pode ter impactos psicol\u00f3gicos que v\u00e3o al\u00e9m do simples desconforto.<\/p>\n<p>Quando nos vemos repetidamente, tendemos a nos criticar mais, focando em imperfei\u00e7\u00f5es que, em outras situa\u00e7\u00f5es, poderiam passar despercebidas. Esse arranjo de se observar continuamente n\u00e3o s\u00f3 pode reduzir a autoconfian\u00e7a, mas tamb\u00e9m pode aumentar a ansiedade, uma vez que as pessoas se sentem constantemente julgadas por sua imagem e express\u00e3o. Al\u00e9m disso, essa auto-observa\u00e7\u00e3o incessante compete com a aten\u00e7\u00e3o que dever\u00edamos dedicar aos outros participantes da reuni\u00e3o, criando um ciclo de distra\u00e7\u00e3o e fadiga.<\/p>\n<p>Os especialistas sugerem que essa experi\u00eancia de ver o pr\u00f3prio rosto \u00e9 uma nova forma de &#8220;superexposi\u00e7\u00e3o&#8221; \u00e0 imagem pessoal, o que pode ser desgastante. Tente cuidar do seu bem-estar mental durante as videoconfer\u00eancias. Uma estrat\u00e9gia simples \u00e9 desativar a op\u00e7\u00e3o de visualizar seu pr\u00f3prio v\u00eddeo, se poss\u00edvel, ou minimizar essa visualiza\u00e7\u00e3o para reduzir a press\u00e3o que a constante autoavalia\u00e7\u00e3o pode causar.<\/p>\n<p>Por fim, \u00e9 importante lembrar que as reuni\u00f5es virtuais podem ser uma oportunidade para se conectar, embora possam ser desafiadoras. Encontre formas de tornar o ambiente mais acolhedor e confort\u00e1vel, e n\u00e3o hesite em fazer ajustes que podem ajudar a melhorar a sua experi\u00eancia no mundo digital.<\/p>\n","protected":false},"excerpt":{"rendered":"<p>Com a ascens\u00e3o do trabalho remoto e reuni\u00f5es virtuais, muitos t\u00eam enfrentado a chamada &#8220;fadiga do Zoom&#8221;. Um dos fatores que contribuem para essa sensa\u00e7\u00e3o de cansa\u00e7o \u00e9 o inc\u00f4modo de ver constantemente o pr\u00f3prio rosto na tela. Essa pr\u00e1tica, comum em chamadas de v\u00eddeo, pode ter impactos psicol\u00f3gicos que v\u00e3o al\u00e9m do simples desconforto. [&hellip;]<\/p>\n","protected":false},"author":2,"featured_media":0,"comment_status":"open","ping_status":"open","sticky":false,"template":"","format":"standard","meta":{"nf_dc_page":"","pagelayer_contact_templates":[],"_pagelayer_content":"","footnotes":""},"categories":[1],"tags":[],"class_list":["post-6334","post","type-post","status-publish","format-standard","hentry","category-uncategorized"],"_links":{"self":[{"href":"https:\/\/gabrielsoman.com\/app\/wp-json\/wp\/v2\/posts\/6334","targetHints":{"allow":["GET"]}}],"collection":[{"href":"https:\/\/gabrielsoman.com\/app\/wp-json\/wp\/v2\/posts"}],"about":[{"href":"https:\/\/gabrielsoman.com\/app\/wp-json\/wp\/v2\/types\/post"}],"author":[{"embeddable":true,"href":"https:\/\/gabrielsoman.com\/app\/wp-json\/wp\/v2\/users\/2"}],"replies":[{"embeddable":true,"href":"https:\/\/gabrielsoman.com\/app\/wp-json\/wp\/v2\/comments?post=6334"}],"version-history":[{"count":0,"href":"https:\/\/gabrielsoman.com\/app\/wp-json\/wp\/v2\/posts\/6334\/revisions"}],"wp:attachment":[{"href":"https:\/\/gabrielsoman.com\/app\/wp-json\/wp\/v2\/media?parent=6334"}],"wp:term":[{"taxonomy":"category","embeddable":true,"href":"https:\/\/gabrielsoman.com\/app\/wp-json\/wp\/v2\/categories?post=6334"},{"taxonomy":"post_tag","embeddable":true,"href":"https:\/\/gabrielsoman.com\/app\/wp-json\/wp\/v2\/tags?post=6334"}],"curies":[{"name":"wp","href":"https:\/\/api.w.org\/{rel}","templated":true}]}}