{"id":6338,"date":"2025-02-14T18:33:04","date_gmt":"2025-02-14T21:33:04","guid":{"rendered":"https:\/\/gabrielsoman.com\/app\/2025\/02\/14\/analise-das-novas-tarifas-de-25-sobre-aco-e-aluminio-impostas-por-trump-ao-brasil\/"},"modified":"2025-02-14T18:33:04","modified_gmt":"2025-02-14T21:33:04","slug":"analise-das-novas-tarifas-de-25-sobre-aco-e-aluminio-impostas-por-trump-ao-brasil","status":"publish","type":"post","link":"https:\/\/gabrielsoman.com\/app\/2025\/02\/14\/analise-das-novas-tarifas-de-25-sobre-aco-e-aluminio-impostas-por-trump-ao-brasil\/","title":{"rendered":"An\u00e1lise das Novas Tarifas de 25% sobre A\u00e7o e Alum\u00ednio Impostas por Trump ao Brasil"},"content":{"rendered":"<p>Recentemente, o ex-presidente dos Estados Unidos, Donald Trump, anunciou que pretende implementar tarifas de 25% sobre as importa\u00e7\u00f5es de a\u00e7o e alum\u00ednio provenientes do Brasil. Essa medida, que ser\u00e1 oficializada em um comunicado previsto para a pr\u00f3xima segunda-feira, marca uma escalada nas tens\u00f5es comerciais entre as principais economias do mundo, refletindo uma pol\u00edtica de protecionismo que Trump defendeu durante sua administra\u00e7\u00e3o. Essa decis\u00e3o se insere em um contexto mais amplo de rivalidade comercial, onde os Estados Unidos buscam proteger sua ind\u00fastria local, alegando que as importa\u00e7\u00f5es afetam negativamente os produtores norte-americanos. O Brasil, sendo um dos grandes exportadores desses metais, pode enfrentar s\u00e9rias consequ\u00eancias econ\u00f4micas devido a essas tarifas. A imposi\u00e7\u00e3o de taxas elevadas pode resultar em um aumento nos pre\u00e7os dos produtos para o consumidor americano e uma diminui\u00e7\u00e3o das exporta\u00e7\u00f5es brasileiras, impactando assim a balan\u00e7a comercial de ambos os pa\u00edses. Al\u00e9m disso, \u00e9 importante considerar as repercuss\u00f5es para a economia global, especialmente em um momento em que muitos pa\u00edses buscam se recuperar dos efeitos econ\u00f4micos da pandemia de COVID-19. O governo brasileiro dever\u00e1 avaliar suas estrat\u00e9gias de resposta a essa medida, que inclui a possibilidade de negocia\u00e7\u00e3o diplom\u00e1tica ou a aplica\u00e7\u00e3o de tarifas retaliat\u00f3rias, uma vez que o setor metal\u00fargico brasileiro \u00e9 estrat\u00e9gico para sua economia. Assim, essa situa\u00e7\u00e3o n\u00e3o apenas afeta o com\u00e9rcio bilateral entre Brasil e Estados Unidos, mas tamb\u00e9m levanta quest\u00f5es sobre a estabilidade do com\u00e9rcio internacional e a ordem econ\u00f4mica global, puxando o fio de uma s\u00e9rie de rea\u00e7\u00f5es em cadeia que podem influenciar mercados e pol\u00edticas ao redor do mundo.<\/p>\n","protected":false},"excerpt":{"rendered":"<p>Recentemente, o ex-presidente dos Estados Unidos, Donald Trump, anunciou que pretende implementar tarifas de 25% sobre as importa\u00e7\u00f5es de a\u00e7o e alum\u00ednio provenientes do Brasil. Essa medida, que ser\u00e1 oficializada em um comunicado previsto para a pr\u00f3xima segunda-feira, marca uma escalada nas tens\u00f5es comerciais entre as principais economias do mundo, refletindo uma pol\u00edtica de protecionismo [&hellip;]<\/p>\n","protected":false},"author":2,"featured_media":0,"comment_status":"open","ping_status":"open","sticky":false,"template":"","format":"standard","meta":{"nf_dc_page":"","pagelayer_contact_templates":[],"_pagelayer_content":"","footnotes":""},"categories":[1],"tags":[],"class_list":["post-6338","post","type-post","status-publish","format-standard","hentry","category-uncategorized"],"_links":{"self":[{"href":"https:\/\/gabrielsoman.com\/app\/wp-json\/wp\/v2\/posts\/6338","targetHints":{"allow":["GET"]}}],"collection":[{"href":"https:\/\/gabrielsoman.com\/app\/wp-json\/wp\/v2\/posts"}],"about":[{"href":"https:\/\/gabrielsoman.com\/app\/wp-json\/wp\/v2\/types\/post"}],"author":[{"embeddable":true,"href":"https:\/\/gabrielsoman.com\/app\/wp-json\/wp\/v2\/users\/2"}],"replies":[{"embeddable":true,"href":"https:\/\/gabrielsoman.com\/app\/wp-json\/wp\/v2\/comments?post=6338"}],"version-history":[{"count":0,"href":"https:\/\/gabrielsoman.com\/app\/wp-json\/wp\/v2\/posts\/6338\/revisions"}],"wp:attachment":[{"href":"https:\/\/gabrielsoman.com\/app\/wp-json\/wp\/v2\/media?parent=6338"}],"wp:term":[{"taxonomy":"category","embeddable":true,"href":"https:\/\/gabrielsoman.com\/app\/wp-json\/wp\/v2\/categories?post=6338"},{"taxonomy":"post_tag","embeddable":true,"href":"https:\/\/gabrielsoman.com\/app\/wp-json\/wp\/v2\/tags?post=6338"}],"curies":[{"name":"wp","href":"https:\/\/api.w.org\/{rel}","templated":true}]}}