{"id":6339,"date":"2025-02-14T18:34:00","date_gmt":"2025-02-14T21:34:00","guid":{"rendered":"https:\/\/gabrielsoman.com\/app\/2025\/02\/14\/trump-anuncia-tarifas-de-25-sobre-aco-e-aluminio-do-brasil\/"},"modified":"2025-02-14T18:34:00","modified_gmt":"2025-02-14T21:34:00","slug":"trump-anuncia-tarifas-de-25-sobre-aco-e-aluminio-do-brasil","status":"publish","type":"post","link":"https:\/\/gabrielsoman.com\/app\/2025\/02\/14\/trump-anuncia-tarifas-de-25-sobre-aco-e-aluminio-do-brasil\/","title":{"rendered":"Trump anuncia tarifas de 25% sobre a\u00e7o e alum\u00ednio do Brasil"},"content":{"rendered":"<p>Em um movimento que pode impactar significativamente as rela\u00e7\u00f5es comerciais entre os Estados Unidos e o Brasil, o ex-presidente Donald Trump declarou que ir\u00e1 implementar tarifas de 25% sobre as importa\u00e7\u00f5es de a\u00e7o e alum\u00ednio provenientes do Brasil. O an\u00fancio deve ocorrer na pr\u00f3xima segunda-feira e tem como objetivo principal proteger a ind\u00fastria americana, que enfrenta dificuldades com a concorr\u00eancia internacional.<\/p>\n<p>Essas tarifas t\u00eam o potencial de aumentar os custos de importa\u00e7\u00e3o para as empresas brasileiras que exportam esses metais para os EUA, podendo resultar em um encarecimento dos produtos finais e uma poss\u00edvel infla\u00e7\u00e3o. O setor de a\u00e7o e alum\u00ednio, crucial para a constru\u00e7\u00e3o civil e diversas ind\u00fastrias nos Estados Unidos, atualmente depende de fornecedores estrangeiros para atender sua demanda.<\/p>\n<p>A decis\u00e3o de Trump pode ser considerada uma continuidade de sua pol\u00edtica protecionista, que busca priorizar a produ\u00e7\u00e3o interna em detrimento das importa\u00e7\u00f5es. Durante seu mandato, ele havia j\u00e1 aumentado as tarifas de importa\u00e7\u00e3o sobre a\u00e7o e alum\u00ednio em 2018, citando raz\u00f5es de seguran\u00e7a nacional. O governo brasileiro, por sua vez, j\u00e1 expressou preocupa\u00e7\u00e3o com poss\u00edveis consequ\u00eancias econ\u00f4micas e compromissos comerciais a longo prazo.<\/p>\n<p>Analistas acreditam que o impacto dessas novas tarifas poder\u00e1 ser amplo, afetando n\u00e3o apenas as rela\u00e7\u00f5es bilaterais, mas tamb\u00e9m provocando um aumento dos pre\u00e7os para os consumidores. A ind\u00fastria brasileira de a\u00e7o e alum\u00ednio tem se fortalecido nos \u00faltimos anos, mas a implementa\u00e7\u00e3o dessas tarifas pode representar um retrocesso. O mercado aguarda ansiosamente a confirma\u00e7\u00e3o do an\u00fancio e suas implica\u00e7\u00f5es.<\/p>\n","protected":false},"excerpt":{"rendered":"<p>Em um movimento que pode impactar significativamente as rela\u00e7\u00f5es comerciais entre os Estados Unidos e o Brasil, o ex-presidente Donald Trump declarou que ir\u00e1 implementar tarifas de 25% sobre as importa\u00e7\u00f5es de a\u00e7o e alum\u00ednio provenientes do Brasil. O an\u00fancio deve ocorrer na pr\u00f3xima segunda-feira e tem como objetivo principal proteger a ind\u00fastria americana, que [&hellip;]<\/p>\n","protected":false},"author":2,"featured_media":0,"comment_status":"open","ping_status":"open","sticky":false,"template":"","format":"standard","meta":{"nf_dc_page":"","pagelayer_contact_templates":[],"_pagelayer_content":"","footnotes":""},"categories":[1],"tags":[],"class_list":["post-6339","post","type-post","status-publish","format-standard","hentry","category-uncategorized"],"_links":{"self":[{"href":"https:\/\/gabrielsoman.com\/app\/wp-json\/wp\/v2\/posts\/6339","targetHints":{"allow":["GET"]}}],"collection":[{"href":"https:\/\/gabrielsoman.com\/app\/wp-json\/wp\/v2\/posts"}],"about":[{"href":"https:\/\/gabrielsoman.com\/app\/wp-json\/wp\/v2\/types\/post"}],"author":[{"embeddable":true,"href":"https:\/\/gabrielsoman.com\/app\/wp-json\/wp\/v2\/users\/2"}],"replies":[{"embeddable":true,"href":"https:\/\/gabrielsoman.com\/app\/wp-json\/wp\/v2\/comments?post=6339"}],"version-history":[{"count":0,"href":"https:\/\/gabrielsoman.com\/app\/wp-json\/wp\/v2\/posts\/6339\/revisions"}],"wp:attachment":[{"href":"https:\/\/gabrielsoman.com\/app\/wp-json\/wp\/v2\/media?parent=6339"}],"wp:term":[{"taxonomy":"category","embeddable":true,"href":"https:\/\/gabrielsoman.com\/app\/wp-json\/wp\/v2\/categories?post=6339"},{"taxonomy":"post_tag","embeddable":true,"href":"https:\/\/gabrielsoman.com\/app\/wp-json\/wp\/v2\/tags?post=6339"}],"curies":[{"name":"wp","href":"https:\/\/api.w.org\/{rel}","templated":true}]}}