{"id":6340,"date":"2025-02-14T18:34:01","date_gmt":"2025-02-14T21:34:01","guid":{"rendered":"https:\/\/gabrielsoman.com\/app\/2025\/02\/14\/trump-justifica-implementacao-de-tarifas-por-supersticao\/"},"modified":"2025-02-14T18:34:01","modified_gmt":"2025-02-14T21:34:01","slug":"trump-justifica-implementacao-de-tarifas-por-supersticao","status":"publish","type":"post","link":"https:\/\/gabrielsoman.com\/app\/2025\/02\/14\/trump-justifica-implementacao-de-tarifas-por-supersticao\/","title":{"rendered":"Trump Justifica Implementa\u00e7\u00e3o de Tarifas por Supersti\u00e7\u00e3o"},"content":{"rendered":"<p>O ex-presidente dos Estados Unidos, Donald Trump, fez declara\u00e7\u00f5es inusitadas sobre a implementa\u00e7\u00e3o de tarifas comerciais, afirmando que a data de 2 de abril foi escolhida devido a uma cren\u00e7a supersticiosa. Segundo Trump, essa data tem um significado especial que justifica a medida, que ele acredita que ter\u00e1 um impacto positivo na economia americana.<\/p>\n<p>Trump, um prol\u00edfico usu\u00e1rio das redes sociais, expressou sua opini\u00e3o em uma s\u00e9rie de postagens, ressaltando que as tarifas s\u00e3o uma estrat\u00e9gia sustent\u00e1vel para proteger a ind\u00fastria dom\u00e9stica. Para ele, essas medidas s\u00e3o essenciais em tempos de incerteza econ\u00f4mica, especialmente devido \u00e0 competi\u00e7\u00e3o global. Ele observou que a aplica\u00e7\u00e3o de tarifas poderia beneficiar trabalhadores e empresas americanas, diminuindo a depend\u00eancia de importa\u00e7\u00f5es e incentivando a produ\u00e7\u00e3o local.<\/p>\n<p>A escolha de uma data espec\u00edfica, segundo Trump, n\u00e3o \u00e9 mera coincid\u00eancia, mas sim uma decis\u00e3o baseada em sua convic\u00e7\u00e3o pessoal sobre a numerologia e a influ\u00eancia das datas no com\u00e9rcio. Isso gerou rea\u00e7\u00f5es mistas entre economistas e analistas pol\u00edticos, muitos dos quais questionam a efic\u00e1cia de tal abordagem e sua fundamenta\u00e7\u00e3o l\u00f3gica. A decis\u00e3o de implantar tarifas, muitas vezes controversa, provoca debates acalorados sobre seus efeitos a curto e longo prazo sobre a economia global.<\/p>\n<p>Os cr\u00edticos alertam que as tarifas podem levar a repres\u00e1lias de outros pa\u00edses, exacerbando tens\u00f5es comerciais e n\u00e3o resultando nos benef\u00edcios esperados. No entanto, para Trump e seus seguidores, as tarifas representam uma forma de restaurar a grandiosidade americana, colocando os interesses internos em primeiro lugar, independentemente das considera\u00e7\u00f5es supersticiosas que cercam a escolha da data de implementa\u00e7\u00e3o.<\/p>\n","protected":false},"excerpt":{"rendered":"<p>O ex-presidente dos Estados Unidos, Donald Trump, fez declara\u00e7\u00f5es inusitadas sobre a implementa\u00e7\u00e3o de tarifas comerciais, afirmando que a data de 2 de abril foi escolhida devido a uma cren\u00e7a supersticiosa. Segundo Trump, essa data tem um significado especial que justifica a medida, que ele acredita que ter\u00e1 um impacto positivo na economia americana. Trump, [&hellip;]<\/p>\n","protected":false},"author":2,"featured_media":0,"comment_status":"open","ping_status":"open","sticky":false,"template":"","format":"standard","meta":{"nf_dc_page":"","pagelayer_contact_templates":[],"_pagelayer_content":"","footnotes":""},"categories":[1],"tags":[],"class_list":["post-6340","post","type-post","status-publish","format-standard","hentry","category-uncategorized"],"_links":{"self":[{"href":"https:\/\/gabrielsoman.com\/app\/wp-json\/wp\/v2\/posts\/6340","targetHints":{"allow":["GET"]}}],"collection":[{"href":"https:\/\/gabrielsoman.com\/app\/wp-json\/wp\/v2\/posts"}],"about":[{"href":"https:\/\/gabrielsoman.com\/app\/wp-json\/wp\/v2\/types\/post"}],"author":[{"embeddable":true,"href":"https:\/\/gabrielsoman.com\/app\/wp-json\/wp\/v2\/users\/2"}],"replies":[{"embeddable":true,"href":"https:\/\/gabrielsoman.com\/app\/wp-json\/wp\/v2\/comments?post=6340"}],"version-history":[{"count":0,"href":"https:\/\/gabrielsoman.com\/app\/wp-json\/wp\/v2\/posts\/6340\/revisions"}],"wp:attachment":[{"href":"https:\/\/gabrielsoman.com\/app\/wp-json\/wp\/v2\/media?parent=6340"}],"wp:term":[{"taxonomy":"category","embeddable":true,"href":"https:\/\/gabrielsoman.com\/app\/wp-json\/wp\/v2\/categories?post=6340"},{"taxonomy":"post_tag","embeddable":true,"href":"https:\/\/gabrielsoman.com\/app\/wp-json\/wp\/v2\/tags?post=6340"}],"curies":[{"name":"wp","href":"https:\/\/api.w.org\/{rel}","templated":true}]}}