{"id":6369,"date":"2025-02-24T15:22:03","date_gmt":"2025-02-24T18:22:03","guid":{"rendered":"https:\/\/gabrielsoman.com\/app\/2025\/02\/24\/a-importancia-da-monitorizacao-de-espacos-para-a-reducao-da-pegada-de-carbono-em-edificacoes\/"},"modified":"2025-02-24T15:22:03","modified_gmt":"2025-02-24T18:22:03","slug":"a-importancia-da-monitorizacao-de-espacos-para-a-reducao-da-pegada-de-carbono-em-edificacoes","status":"publish","type":"post","link":"https:\/\/gabrielsoman.com\/app\/2025\/02\/24\/a-importancia-da-monitorizacao-de-espacos-para-a-reducao-da-pegada-de-carbono-em-edificacoes\/","title":{"rendered":"A Import\u00e2ncia da Monitoriza\u00e7\u00e3o de Espa\u00e7os para a Redu\u00e7\u00e3o da Pegada de Carbono em Edifica\u00e7\u00f5es"},"content":{"rendered":"<p>A crescente preocupa\u00e7\u00e3o com as mudan\u00e7as clim\u00e1ticas e a necessidade de pr\u00e1ticas sustent\u00e1veis tornaram essencial a ado\u00e7\u00e3o de estrat\u00e9gias que visem a redu\u00e7\u00e3o da pegada de carbono dos edif\u00edcios. Neste contexto, a monitoriza\u00e7\u00e3o do uso dos espa\u00e7os se apresenta como uma proposta inovadora e eficaz. Ao acompanhar como e quando os ambientes s\u00e3o utilizados, \u00e9 poss\u00edvel identificar \u00e1reas subutilizadas e implementar ajustes que n\u00e3o apenas aprimoram a efici\u00eancia energ\u00e9tica, mas tamb\u00e9m contribuem significativamente para a diminui\u00e7\u00e3o do impacto ambiental.<\/p>\n<p>A utiliza\u00e7\u00e3o de tecnologia para rastrear o consumo de energia e a ocupa\u00e7\u00e3o de espa\u00e7os permite um gerenciamento mais inteligente das instala\u00e7\u00f5es. Sensores de ocupa\u00e7\u00e3o, dispositivos IoT (Internet das Coisas) e softwares de an\u00e1lise de dados s\u00e3o ferramentas que ajudam a entender os padr\u00f5es de uso. Com esses dados em m\u00e3os, \u00e9 vi\u00e1vel otimizar a utiliza\u00e7\u00e3o de luz natural, aquecimento e refrigera\u00e7\u00e3o, ajustando sistemas de climatiza\u00e7\u00e3o de acordo com as necessidades reais dos usu\u00e1rios.<\/p>\n<p>Al\u00e9m disso, uma gest\u00e3o consciente dos espa\u00e7os pode levar a uma redu\u00e7\u00e3o dos res\u00edduos e economia de \u00e1gua, fatores que tamb\u00e9m colaboram para uma menor pegada de carbono. Promover ambientes de trabalho din\u00e2micos e adapt\u00e1veis, onde as \u00e1reas podem ser redesenhadas conforme a demanda, resulta em uma utiliza\u00e7\u00e3o mais eficiente dos recursos e na diminui\u00e7\u00e3o da necessidade de novas constru\u00e7\u00f5es.<\/p>\n<p>Outro ponto not\u00e1vel \u00e9 que a monitoriza\u00e7\u00e3o efetiva n\u00e3o apenas beneficia o meio ambiente, mas tamb\u00e9m pode reduzir os custos operacionais. Organiza\u00e7\u00f5es que implementam essas pr\u00e1ticas frequentemente observam uma diminui\u00e7\u00e3o nas contas de energia e manuten\u00e7\u00e3o, al\u00e9m de um aumento na satisfa\u00e7\u00e3o dos colaboradores, que usufruem de espa\u00e7os mais bem planejados e confort\u00e1veis.<\/p>\n<p>Por fim, a integra\u00e7\u00e3o dessas tecnologias e pr\u00e1ticas n\u00e3o \u00e9 apenas uma tend\u00eancia, mas uma necessidade premente na busca por um futuro sustent\u00e1vel. \u00c0 medida que mais empresas e edifica\u00e7\u00f5es adotam a monitoriza\u00e7\u00e3o dos espa\u00e7os, espera-se que a consci\u00eancia ambiental cres\u00e7a e a transforma\u00e7\u00e3o nas pr\u00e1ticas de constru\u00e7\u00e3o e gest\u00e3o de espa\u00e7os se espalhe, contribuindo assim para o bem-estar da popula\u00e7\u00e3o e do planeta.<\/p>\n","protected":false},"excerpt":{"rendered":"<p>A crescente preocupa\u00e7\u00e3o com as mudan\u00e7as clim\u00e1ticas e a necessidade de pr\u00e1ticas sustent\u00e1veis tornaram essencial a ado\u00e7\u00e3o de estrat\u00e9gias que visem a redu\u00e7\u00e3o da pegada de carbono dos edif\u00edcios. Neste contexto, a monitoriza\u00e7\u00e3o do uso dos espa\u00e7os se apresenta como uma proposta inovadora e eficaz. Ao acompanhar como e quando os ambientes s\u00e3o utilizados, \u00e9 [&hellip;]<\/p>\n","protected":false},"author":2,"featured_media":0,"comment_status":"open","ping_status":"open","sticky":false,"template":"","format":"standard","meta":{"nf_dc_page":"","pagelayer_contact_templates":[],"_pagelayer_content":"","footnotes":""},"categories":[1],"tags":[],"class_list":["post-6369","post","type-post","status-publish","format-standard","hentry","category-uncategorized"],"_links":{"self":[{"href":"https:\/\/gabrielsoman.com\/app\/wp-json\/wp\/v2\/posts\/6369","targetHints":{"allow":["GET"]}}],"collection":[{"href":"https:\/\/gabrielsoman.com\/app\/wp-json\/wp\/v2\/posts"}],"about":[{"href":"https:\/\/gabrielsoman.com\/app\/wp-json\/wp\/v2\/types\/post"}],"author":[{"embeddable":true,"href":"https:\/\/gabrielsoman.com\/app\/wp-json\/wp\/v2\/users\/2"}],"replies":[{"embeddable":true,"href":"https:\/\/gabrielsoman.com\/app\/wp-json\/wp\/v2\/comments?post=6369"}],"version-history":[{"count":0,"href":"https:\/\/gabrielsoman.com\/app\/wp-json\/wp\/v2\/posts\/6369\/revisions"}],"wp:attachment":[{"href":"https:\/\/gabrielsoman.com\/app\/wp-json\/wp\/v2\/media?parent=6369"}],"wp:term":[{"taxonomy":"category","embeddable":true,"href":"https:\/\/gabrielsoman.com\/app\/wp-json\/wp\/v2\/categories?post=6369"},{"taxonomy":"post_tag","embeddable":true,"href":"https:\/\/gabrielsoman.com\/app\/wp-json\/wp\/v2\/tags?post=6369"}],"curies":[{"name":"wp","href":"https:\/\/api.w.org\/{rel}","templated":true}]}}