{"id":6388,"date":"2025-03-23T03:28:47","date_gmt":"2025-03-23T06:28:47","guid":{"rendered":"https:\/\/gabrielsoman.com\/app\/2025\/03\/23\/resolucao-cne-ceb-no-1-de-19-de-marco-de-2025\/"},"modified":"2025-03-23T03:28:47","modified_gmt":"2025-03-23T06:28:47","slug":"resolucao-cne-ceb-no-1-de-19-de-marco-de-2025","status":"publish","type":"post","link":"https:\/\/gabrielsoman.com\/app\/2025\/03\/23\/resolucao-cne-ceb-no-1-de-19-de-marco-de-2025\/","title":{"rendered":"RESOLU\u00c7\u00c3O CNE\/CEB N\u00ba 1, DE 19 DE MAR\u00c7O DE 2025"},"content":{"rendered":"<p>A Resolu\u00e7\u00e3o CNE\/CEB N\u00ba 1, de 19 de mar\u00e7o de 2025, atualiza as normas para a declara\u00e7\u00e3o de validade de documentos escolares emitidos por escolas privadas de educa\u00e7\u00e3o b\u00e1sica localizadas no exterior que sigam par\u00e2metros brasileiros. Seu objetivo \u00e9 assegurar o direito \u00e0 educa\u00e7\u00e3o dos brasileiros que vivem fora do pa\u00eds em contextos que impossibilitam o atendimento educacional local. A resolu\u00e7\u00e3o estabelece diretrizes para a regula\u00e7\u00e3o da educa\u00e7\u00e3o b\u00e1sica, incluindo procedimentos de credenciamento e a obrigatoriedade de amparo legal para a emiss\u00e3o de documentos escolares v\u00e1lidos. Os estabelecimentos dever\u00e3o se adequar \u00e0s normas, apresentando documenta\u00e7\u00e3o em portugu\u00eas e cumprindo requisitos para garantir a qualidade do ensino. A resolu\u00e7\u00e3o tamb\u00e9m define as obriga\u00e7\u00f5es dos mantenedores em caso de encerramento das atividades e as condi\u00e7\u00f5es para a manuten\u00e7\u00e3o do credenciamento, visando garantir a continuidade dos estudos para alunos brasileiros no exterior. Por fim, a norma revoga a Resolu\u00e7\u00e3o anterior de 2013 e entra em vigor em 1\u00ba de abril de 2025.<\/p>\n","protected":false},"excerpt":{"rendered":"<p>A Resolu\u00e7\u00e3o CNE\/CEB N\u00ba 1, de 19 de mar\u00e7o de 2025, atualiza as normas para a declara\u00e7\u00e3o de validade de documentos escolares emitidos por escolas privadas de educa\u00e7\u00e3o b\u00e1sica localizadas no exterior que sigam par\u00e2metros brasileiros. Seu objetivo \u00e9 assegurar o direito \u00e0 educa\u00e7\u00e3o dos brasileiros que vivem fora do pa\u00eds em contextos que impossibilitam [&hellip;]<\/p>\n","protected":false},"author":2,"featured_media":0,"comment_status":"open","ping_status":"open","sticky":false,"template":"","format":"standard","meta":{"nf_dc_page":"","pagelayer_contact_templates":[],"_pagelayer_content":"","footnotes":""},"categories":[1],"tags":[],"class_list":["post-6388","post","type-post","status-publish","format-standard","hentry","category-uncategorized"],"_links":{"self":[{"href":"https:\/\/gabrielsoman.com\/app\/wp-json\/wp\/v2\/posts\/6388","targetHints":{"allow":["GET"]}}],"collection":[{"href":"https:\/\/gabrielsoman.com\/app\/wp-json\/wp\/v2\/posts"}],"about":[{"href":"https:\/\/gabrielsoman.com\/app\/wp-json\/wp\/v2\/types\/post"}],"author":[{"embeddable":true,"href":"https:\/\/gabrielsoman.com\/app\/wp-json\/wp\/v2\/users\/2"}],"replies":[{"embeddable":true,"href":"https:\/\/gabrielsoman.com\/app\/wp-json\/wp\/v2\/comments?post=6388"}],"version-history":[{"count":0,"href":"https:\/\/gabrielsoman.com\/app\/wp-json\/wp\/v2\/posts\/6388\/revisions"}],"wp:attachment":[{"href":"https:\/\/gabrielsoman.com\/app\/wp-json\/wp\/v2\/media?parent=6388"}],"wp:term":[{"taxonomy":"category","embeddable":true,"href":"https:\/\/gabrielsoman.com\/app\/wp-json\/wp\/v2\/categories?post=6388"},{"taxonomy":"post_tag","embeddable":true,"href":"https:\/\/gabrielsoman.com\/app\/wp-json\/wp\/v2\/tags?post=6388"}],"curies":[{"name":"wp","href":"https:\/\/api.w.org\/{rel}","templated":true}]}}