{"id":6399,"date":"2025-05-08T14:08:40","date_gmt":"2025-05-08T17:08:40","guid":{"rendered":"https:\/\/gabrielsoman.com\/app\/2025\/05\/08\/vacinacao-em-condor-um-dia-de-cuidado-e-saude\/"},"modified":"2025-05-08T14:08:40","modified_gmt":"2025-05-08T17:08:40","slug":"vacinacao-em-condor-um-dia-de-cuidado-e-saude","status":"publish","type":"post","link":"https:\/\/gabrielsoman.com\/app\/2025\/05\/08\/vacinacao-em-condor-um-dia-de-cuidado-e-saude\/","title":{"rendered":"Vacina\u00e7\u00e3o em Condor: Um Dia de Cuidado e Sa\u00fade"},"content":{"rendered":"<p>A vacina\u00e7\u00e3o \u00e9 um dos principais pilares de sa\u00fade p\u00fablica e desempenha um papel crucial na preven\u00e7\u00e3o de doen\u00e7as. No munic\u00edpio de Condor, a realiza\u00e7\u00e3o de um dia dedicado \u00e0 vacina\u00e7\u00e3o representa um esfor\u00e7o coletivo para garantir que a popula\u00e7\u00e3o esteja protegida e informada sobre a import\u00e2ncia das vacinas. Neste artigo, vamos explorar como esse evento se desenrola, quais vacinas est\u00e3o dispon\u00edveis, como a comunidade pode participar, e a import\u00e2ncia da conscientiza\u00e7\u00e3o sobre a sa\u00fade coletiva. <\/p>\n<p> No dia da vacina\u00e7\u00e3o em Condor, a prefeitura e as equipes de sa\u00fade se mobilizam para criar um ambiente acolhedor e eficiente para todos os cidad\u00e3os. As unidades de sa\u00fade s\u00e3o decoradas e organizadas para receber os moradores e incentivar a vacina\u00e7\u00e3o. \u00c9 comum ver banners com informa\u00e7\u00f5es sobre os diferentes tipos de vacinas, hor\u00e1rios e locais de atendimento, al\u00e9m de profissionais de sa\u00fade prontos para esclarecer d\u00favidas. <\/p>\n<p> Estar bem informado \u00e9 essencial. As vacinas dispon\u00edveis podem incluir a vacina contra a influenza, vacinas para crian\u00e7as como a tr\u00edplice viral, e vacinas para adultos, como o refor\u00e7o contra a covid-19. \u00c9 v\u00e1lido destacar que devem ser priorizados grupos de risco, como idosos, crian\u00e7as e pessoas com doen\u00e7as cr\u00f4nicas. Cada tipo de vacina tem suas indica\u00e7\u00f5es, contraindica\u00e7\u00f5es e calend\u00e1rios espec\u00edficos, que s\u00e3o explicados pelas equipes de sa\u00fade durante o atendimento. <\/p>\n<p> Para a comunidade, participar do dia de vacina\u00e7\u00e3o \u00e9 um ato de cidadania. Al\u00e9m de proteger a pr\u00f3pria sa\u00fade, ao se vacinar, cada indiv\u00edduo ajuda a criar um efeito de manada, essencial para a conten\u00e7\u00e3o de surtos de doen\u00e7as. A vacina n\u00e3o apenas protege o vacinado, mas tamb\u00e9m evita que outros, que n\u00e3o podem ser vacinados por quest\u00f5es de sa\u00fade, sejam expostos a riscos. <\/p>\n<p> Uma estrat\u00e9gia eficaz neste dia de vacina\u00e7\u00e3o \u00e9 a realiza\u00e7\u00e3o de palestras e oficinas sobre sa\u00fade preventiva, na qual a popula\u00e7\u00e3o \u00e9 convidada a aprender mais sobre a import\u00e2ncia da vacina\u00e7\u00e3o, os mitos e verdades que circulam em torno das vacinas, e como manter um estilo de vida saud\u00e1vel. A intera\u00e7\u00e3o com os profissionais de sa\u00fade tamb\u00e9m ajuda a construir uma rela\u00e7\u00e3o de confian\u00e7a e empatia, favorecendo a ades\u00e3o \u00e0 vacina\u00e7\u00e3o ao longo do ano. <\/p>\n<p> Portanto, o dia dedicado \u00e0 vacina\u00e7\u00e3o em Condor \u00e9 muito mais do que apenas um evento de aplica\u00e7\u00e3o de vacinas; \u00e9 um momento de cuidado, de informa\u00e7\u00e3o e de advocacia pela sa\u00fade de toda a comunidade. Ao valorizar esse dia e participar ativamente, os cidad\u00e3os n\u00e3o apenas cuidam de si, mas tamb\u00e9m se tornam agentes de mudan\u00e7a, promovendo um futuro mais saud\u00e1vel para todos.<\/p>\n","protected":false},"excerpt":{"rendered":"<p>A vacina\u00e7\u00e3o \u00e9 um dos principais pilares de sa\u00fade p\u00fablica e desempenha um papel crucial na preven\u00e7\u00e3o de doen\u00e7as. No munic\u00edpio de Condor, a realiza\u00e7\u00e3o de um dia dedicado \u00e0 vacina\u00e7\u00e3o representa um esfor\u00e7o coletivo para garantir que a popula\u00e7\u00e3o esteja protegida e informada sobre a import\u00e2ncia das vacinas. Neste artigo, vamos explorar como esse [&hellip;]<\/p>\n","protected":false},"author":2,"featured_media":0,"comment_status":"open","ping_status":"open","sticky":false,"template":"","format":"standard","meta":{"nf_dc_page":"","pagelayer_contact_templates":[],"_pagelayer_content":"","footnotes":""},"categories":[1],"tags":[],"class_list":["post-6399","post","type-post","status-publish","format-standard","hentry","category-uncategorized"],"_links":{"self":[{"href":"https:\/\/gabrielsoman.com\/app\/wp-json\/wp\/v2\/posts\/6399","targetHints":{"allow":["GET"]}}],"collection":[{"href":"https:\/\/gabrielsoman.com\/app\/wp-json\/wp\/v2\/posts"}],"about":[{"href":"https:\/\/gabrielsoman.com\/app\/wp-json\/wp\/v2\/types\/post"}],"author":[{"embeddable":true,"href":"https:\/\/gabrielsoman.com\/app\/wp-json\/wp\/v2\/users\/2"}],"replies":[{"embeddable":true,"href":"https:\/\/gabrielsoman.com\/app\/wp-json\/wp\/v2\/comments?post=6399"}],"version-history":[{"count":0,"href":"https:\/\/gabrielsoman.com\/app\/wp-json\/wp\/v2\/posts\/6399\/revisions"}],"wp:attachment":[{"href":"https:\/\/gabrielsoman.com\/app\/wp-json\/wp\/v2\/media?parent=6399"}],"wp:term":[{"taxonomy":"category","embeddable":true,"href":"https:\/\/gabrielsoman.com\/app\/wp-json\/wp\/v2\/categories?post=6399"},{"taxonomy":"post_tag","embeddable":true,"href":"https:\/\/gabrielsoman.com\/app\/wp-json\/wp\/v2\/tags?post=6399"}],"curies":[{"name":"wp","href":"https:\/\/api.w.org\/{rel}","templated":true}]}}