{"id":6409,"date":"2025-11-13T14:35:11","date_gmt":"2025-11-13T17:35:11","guid":{"rendered":"https:\/\/gabrielsoman.com\/app\/2025\/11\/13\/transformando-vidas-o-impacto-do-programa-jovem-aprendiz-no-brasil\/"},"modified":"2025-11-13T14:35:11","modified_gmt":"2025-11-13T17:35:11","slug":"transformando-vidas-o-impacto-do-programa-jovem-aprendiz-no-brasil","status":"publish","type":"post","link":"https:\/\/gabrielsoman.com\/app\/2025\/11\/13\/transformando-vidas-o-impacto-do-programa-jovem-aprendiz-no-brasil\/","title":{"rendered":"Transformando Vidas: O Impacto do Programa Jovem Aprendiz no Brasil"},"content":{"rendered":"<p>O Programa Jovem Aprendiz tem se mostrado uma iniciativa de grande import\u00e2ncia no Brasil, promovendo a inclus\u00e3o social e a forma\u00e7\u00e3o profissional de jovens. Neste artigo, vamos explorar como esse programa tem transformado vidas, suas etapas de implementa\u00e7\u00e3o, seus benef\u00edcios e o impacto a longo prazo na sociedade brasileira.<\/p>\n<p>O Jovem Aprendiz foi criado em 2000, com o objetivo de integrar o jovem ao mercado de trabalho, proporcionando uma experi\u00eancia pr\u00e1tica que complementa sua forma\u00e7\u00e3o te\u00f3rica. De acordo com a legisla\u00e7\u00e3o brasileira, empresas de m\u00e9dio e grande porte s\u00e3o obrigadas a reservar entre 5% e 15% de suas vagas para jovens aprendizes. Essa obrigatoriedade gera uma oportunidade valiosa para milhares de adolescentes e jovens, que muitas vezes enfrentam dificuldades para ingressar em suas primeiras experi\u00eancias profissionais.<\/p>\n<p>As etapas do Programa Jovem Aprendiz s\u00e3o bem definidas. Inicialmente, o jovem deve ter entre 14 e 24 anos e estar matriculado em uma institui\u00e7\u00e3o de ensino. Ap\u00f3s a sele\u00e7\u00e3o, ele \u00e9 encaminhado para um curso de forma\u00e7\u00e3o, que abrange tanto habilidades t\u00e9cnicas relacionadas \u00e0 profiss\u00e3o escolhida quanto conhecimentos sobre mercado de trabalho, cidadania e desenvolvimento pessoal. Essa etapa \u00e9 fundamental, pois prepara o jovem n\u00e3o apenas para o exerc\u00edcio da profiss\u00e3o, mas tamb\u00e9m para se tornar um cidad\u00e3o respons\u00e1vel e consciente.<\/p>\n<p>O acompanhamento cont\u00ednuo \u00e9 outro ponto importante do programa. O jovem aprendiz conta com a supervis\u00e3o de um profissional da empresa que oferece orienta\u00e7\u00e3o e feedback, contribuindo para seu aprendizado e desenvolvimento. Al\u00e9m disso, \u00e9 comum que as empresas promovam treinamentos e workshops, ampliando ainda mais as oportunidades de aprendizado.<\/p>\n<p>Os benef\u00edcios do Programa Jovem Aprendiz v\u00e3o al\u00e9m da experi\u00eancia pr\u00e1tica. Para os jovens, ele representa uma chance de inser\u00e7\u00e3o no mercado de trabalho, o que pode resultar em melhores condi\u00e7\u00f5es de vida e oportunidades de crescimento pessoal e profissional. Para as empresas, a inclus\u00e3o de jovens aprendizes traz inova\u00e7\u00e3o, novas ideias e uma perspectiva diferente, contribuindo para a diversidade no ambiente de trabalho.<\/p>\n<p>Do ponto de vista social, o programa ajuda a combater a desigualdade, ao proporcionar forma\u00e7\u00e3o e oportunidades a jovens que, de outra forma, poderiam estar exclu\u00eddos do mercado de trabalho. A inclus\u00e3o de jovens pertencentes a comunidades carentes \u00e9 especialmente significativa, pois esses jovens frequentemente enfrentam barreiras socioecon\u00f4micas que dificultam seu desenvolvimento.<\/p>\n<p>Entretanto, \u00e9 importante reconhecer que o programa ainda enfrenta desafios. A falta de informa\u00e7\u00f5es sobre o Jovem Aprendiz e a resist\u00eancia de algumas empresas em abrir vagas para jovens s\u00e3o quest\u00f5es que precisam ser abordadas. Al\u00e9m disso, \u00e9 essencial garantir que todos os programas oferecidos sejam de qualidade e que realmente preparem os jovens para o mercado de trabalho.<\/p>\n<p>Em conclus\u00e3o, o Programa Jovem Aprendiz tem um impacto significativo na vida de muitos jovens no Brasil. Ele n\u00e3o s\u00f3 contribui para o desenvolvimento profissional, mas tamb\u00e9m para a forma\u00e7\u00e3o de cidad\u00e3os conscientes e engajados. Investir na capacita\u00e7\u00e3o e na inclus\u00e3o de jovens \u00e9 investir no futuro do pa\u00eds. Assim, \u00e9 fundamental que iniciativas como essa sejam apoiadas e ampliadas, proporcionando cada vez mais oportunidades para os jovens brasileiros. A transforma\u00e7\u00e3o de vidas est\u00e1 ao nosso alcance, e o Programa Jovem Aprendiz \u00e9 um passo importante nessa dire\u00e7\u00e3o.<\/p>\n","protected":false},"excerpt":{"rendered":"<p>O Programa Jovem Aprendiz tem se mostrado uma iniciativa de grande import\u00e2ncia no Brasil, promovendo a inclus\u00e3o social e a forma\u00e7\u00e3o profissional de jovens. Neste artigo, vamos explorar como esse programa tem transformado vidas, suas etapas de implementa\u00e7\u00e3o, seus benef\u00edcios e o impacto a longo prazo na sociedade brasileira. O Jovem Aprendiz foi criado em [&hellip;]<\/p>\n","protected":false},"author":2,"featured_media":0,"comment_status":"open","ping_status":"open","sticky":false,"template":"","format":"standard","meta":{"nf_dc_page":"","pagelayer_contact_templates":[],"_pagelayer_content":"","footnotes":""},"categories":[1],"tags":[],"class_list":["post-6409","post","type-post","status-publish","format-standard","hentry","category-uncategorized"],"_links":{"self":[{"href":"https:\/\/gabrielsoman.com\/app\/wp-json\/wp\/v2\/posts\/6409","targetHints":{"allow":["GET"]}}],"collection":[{"href":"https:\/\/gabrielsoman.com\/app\/wp-json\/wp\/v2\/posts"}],"about":[{"href":"https:\/\/gabrielsoman.com\/app\/wp-json\/wp\/v2\/types\/post"}],"author":[{"embeddable":true,"href":"https:\/\/gabrielsoman.com\/app\/wp-json\/wp\/v2\/users\/2"}],"replies":[{"embeddable":true,"href":"https:\/\/gabrielsoman.com\/app\/wp-json\/wp\/v2\/comments?post=6409"}],"version-history":[{"count":0,"href":"https:\/\/gabrielsoman.com\/app\/wp-json\/wp\/v2\/posts\/6409\/revisions"}],"wp:attachment":[{"href":"https:\/\/gabrielsoman.com\/app\/wp-json\/wp\/v2\/media?parent=6409"}],"wp:term":[{"taxonomy":"category","embeddable":true,"href":"https:\/\/gabrielsoman.com\/app\/wp-json\/wp\/v2\/categories?post=6409"},{"taxonomy":"post_tag","embeddable":true,"href":"https:\/\/gabrielsoman.com\/app\/wp-json\/wp\/v2\/tags?post=6409"}],"curies":[{"name":"wp","href":"https:\/\/api.w.org\/{rel}","templated":true}]}}